{"id":34275,"date":"2025-09-19T11:38:08","date_gmt":"2025-09-19T11:38:08","guid":{"rendered":"https:\/\/www.europesays.com\/se\/34275\/"},"modified":"2025-09-19T11:38:08","modified_gmt":"2025-09-19T11:38:08","slug":"rubicon-dronarcenter-rojt-av-rysk-tv-profil","status":"publish","type":"post","link":"https:\/\/www.europesays.com\/se\/34275\/","title":{"rendered":"Rubicon dr\u00f6narcenter r\u00f6jt av rysk tv-profil"},"content":{"rendered":"<p>Publicerad 19 sep 2025 kl 10.31Uppdaterad kl 10.40<\/p>\n<p>En slarvig tv-s\u00e4ndning \u2013 och en toalettskylt.\u00a0<\/p>\n<p>Mer \u00e4n s\u00e5 kr\u00e4vdes inte f\u00f6r att avsl\u00f6ja en av Rysslands mest avancerade milit\u00e4rbaser.<\/p>\n<p><img loading=\"lazy\"   alt=\"\"\/><\/p>\n<p>En skylt i bakgrunden gjorde det m\u00f6jligt f\u00f6r experter att avsl\u00f6ja den hemliga dr\u00f6narbasen.<\/p>\n<p>Foto: Radio Svoboda\/Sistema<\/p>\n<p>\u00d6ppna bild i helsk\u00e4rm<img loading=\"lazy\"   alt=\"\"\/><\/p>\n<p>Det var just toalettskylten som avsl\u00f6jade dr\u00f6narbasen.<\/p>\n<p>Foto: Radio Svoboda\/Sistema<\/p>\n<p>\u00d6ppna bild i helsk\u00e4rm<img loading=\"lazy\"   alt=\"\"\/><\/p>\n<p>Dr\u00f6narbasen Rubicon i Patriotparken utanf\u00f6r Moskva.<\/p>\n<p>Foto: Patriot Park\/e2w<\/p>\n<p>\u00d6ppna bild i helsk\u00e4rm<\/p>\n<p>En av Vladimir Putins mest lojala tv-profiler, Vladimir Solovjov, har r\u00e5kat avsl\u00f6ja platsen f\u00f6r Rysslands mest avancerade dr\u00f6narbas \u2013 p\u00e5 grund av en helt vanlig toalettskylt. Det skriver <a href=\"https:\/\/www.the-sun.com\/news\/15212324\/toilet-sign-reveals-russia-elite-drone-unit-location\/\" rel=\"nofollow noopener\" target=\"_blank\">The Sun<\/a>.<\/p>\n<p>I ett inslag p\u00e5 statlig rysk tv syntes skylten i bakgrunden, utan att den var censurerad. Det misstaget har nu f\u00e5tt enorma konsekvenser.<\/p>\n<p>Analytiker kunde snabbt sl\u00e5 fast att det hemliga h\u00f6gkvarteret, Rubicon, ligger i Hall D och delar av Hall C i Patriot-expoomr\u00e5det strax utanf\u00f6r Moskva.<\/p>\n<p>Avsl\u00f6jades av en skylt<\/p>\n<p>Genom att j\u00e4mf\u00f6ra med bilder fr\u00e5n en m\u00e4ssa p\u00e5 samma plats tidigare i \u00e5r kunde analytiker peka ut exakt var Rubicon ligger.<\/p>\n<p>Rubicon fungerar som nav f\u00f6r utveckling och testning av nya dr\u00f6nare, utbildning av operat\u00f6rer och styrning av enheter vid fronten. Lokala ryska medier har beskrivit centret som avg\u00f6rande f\u00f6r f\u00f6rsvaret av Kursk-regionen.<\/p>\n<p>Nu varnas det f\u00f6r att platsen kan bli m\u00e5l f\u00f6r nya ukrainska dr\u00f6narattacker \u2013 den har redan tidigare utsatts f\u00f6r precisionsangrepp.<\/p>\n<p>Dr\u00e5pslag f\u00f6r rysk milit\u00e4r<\/p>\n<p>Misstaget har slagit h\u00e5rt mot den ryska arm\u00e9ns prestige. F\u00f6rsvarsminister Andrej Belousov, som var central i utvecklingen av Rubicon, v\u00e4ntas nu f\u00e5 st\u00e5 till svars, skriver The Sun.<\/p>\n<p>Att just Solovjov, som \u00e4r en k\u00e4nd propagandist p\u00e5 statlig tv, l\u00e5g bakom avsl\u00f6jandet g\u00f6r inte saken mindre pinsam f\u00f6r Kreml.<\/p>\n","protected":false},"excerpt":{"rendered":"Publicerad 19 sep 2025 kl 10.31Uppdaterad kl 10.40 En slarvig tv-s\u00e4ndning \u2013 och en toalettskylt.\u00a0 Mer \u00e4n s\u00e5&hellip;\n","protected":false},"author":2,"featured_media":34276,"comment_status":"","ping_status":"","sticky":false,"template":"","format":"standard","meta":{"footnotes":""},"categories":[14],"tags":[22,23,26,27,17,21,24,25,28,29,15,16,203,18,34,55,31,33,32,30,19,60,20,51,52,53,54],"class_list":{"0":"post-34275","1":"post","2":"type-post","3":"status-publish","4":"format-standard","5":"has-post-thumbnail","7":"category-varlden","8":"tag-breaking-news","9":"tag-breakingnews","10":"tag-featured-news","11":"tag-featurednews","12":"tag-headlines","13":"tag-huvudnyheter","14":"tag-latest-news","15":"tag-latestnews","16":"tag-main-news","17":"tag-mainnews","18":"tag-news","19":"tag-nyheter","20":"tag-person-vladimir-putin","21":"tag-rubriker","22":"tag-se","23":"tag-sections-varlden","24":"tag-svenska","25":"tag-sverige","26":"tag-sweden","27":"tag-swedish","28":"tag-top-stories","29":"tag-topic-krig-konflikt","30":"tag-topstories","31":"tag-varlden","32":"tag-world","33":"tag-world-news","34":"tag-worldnews"},"share_on_mastodon":{"url":"","error":""},"_links":{"self":[{"href":"https:\/\/www.europesays.com\/se\/wp-json\/wp\/v2\/posts\/34275","targetHints":{"allow":["GET"]}}],"collection":[{"href":"https:\/\/www.europesays.com\/se\/wp-json\/wp\/v2\/posts"}],"about":[{"href":"https:\/\/www.europesays.com\/se\/wp-json\/wp\/v2\/types\/post"}],"author":[{"embeddable":true,"href":"https:\/\/www.europesays.com\/se\/wp-json\/wp\/v2\/users\/2"}],"replies":[{"embeddable":true,"href":"https:\/\/www.europesays.com\/se\/wp-json\/wp\/v2\/comments?post=34275"}],"version-history":[{"count":0,"href":"https:\/\/www.europesays.com\/se\/wp-json\/wp\/v2\/posts\/34275\/revisions"}],"wp:featuredmedia":[{"embeddable":true,"href":"https:\/\/www.europesays.com\/se\/wp-json\/wp\/v2\/media\/34276"}],"wp:attachment":[{"href":"https:\/\/www.europesays.com\/se\/wp-json\/wp\/v2\/media?parent=34275"}],"wp:term":[{"taxonomy":"category","embeddable":true,"href":"https:\/\/www.europesays.com\/se\/wp-json\/wp\/v2\/categories?post=34275"},{"taxonomy":"post_tag","embeddable":true,"href":"https:\/\/www.europesays.com\/se\/wp-json\/wp\/v2\/tags?post=34275"}],"curies":[{"name":"wp","href":"https:\/\/api.w.org\/{rel}","templated":true}]}}