{"id":343030,"date":"2026-08-18T07:42:25","date_gmt":"2026-08-18T07:42:25","guid":{"rendered":"https:\/\/www.europesays.com\/se\/343030\/"},"modified":"2026-08-18T07:42:25","modified_gmt":"2026-08-18T07:42:25","slug":"brak-direkt-i-debatten-kristersson-hyckleri-andersson-trams","status":"publish","type":"post","link":"https:\/\/www.europesays.com\/se\/343030\/","title":{"rendered":"Br\u00e5k direkt i debatten \u2013\u00a0Kristersson: \u201dhyckleri\u201d. Andersson: \u201dtrams\u201d."},"content":{"rendered":"<p>  <img alt=\"\" class=\"_image_1jxax_84 layout-component layout-wide\" data-fullscreen- data-track-element-type=\"Article image fullscreen\" data-track-name=\"ImageFullscreen\" fetchpriority=\"high\" decoding=\"sync\" loading=\"eager\" height=\"4608\" itemprop=\"image\"  src=\"https:\/\/www.europesays.com\/se\/wp-content\/uploads\/2026\/08\/ba2e766a-95df-3958-b146-b0bb6e35dfa4.jpeg\"  style=\"object-position:0% 0%\" width=\"8192\"\/><\/p>\n<p class=\"_textTheme_zldsx_1 _lead_16k26_2 _lead_3ue4t_18 layout-component layout-normal layout-padded _lead_o6m9k_5 _leadTheme_1q6sv_1 body-large bold\">Statsminister Ulf Kristersson (M) anklagade Magdalena Andersson f\u00f6r hyckleri med h\u00e4nvisning till hur S-ledarens make har tagit emot aktieutdelning fr\u00e5n sitt f\u00f6retag. \u201dMakal\u00f6st hyckleri\u201d, sa Kristersson. Magdalena Andersson avf\u00e4rdade det som \u201dtrams\u201d.  <\/p>\n<ul aria-hidden=\"true\" class=\"_images_1lr5y_103\">\n<li><a class=\"_link_1lr5y_108\" href=\"https:\/\/www.svd.se\/av\/joel-dahlberg\" title=\"Joel Dahlberg\" tabindex=\"-1\" rel=\"nofollow noopener\" target=\"_blank\"><img alt=\"Bild av Joel Dahlberg\" class=\"_image_1lr5y_85\" fetchpriority=\"low\" decoding=\"async\" itemprop=\"image\" loading=\"lazy\"  src=\"https:\/\/www.europesays.com\/se\/wp-content\/uploads\/2026\/08\/1787038944_338_cbc10bf0-67cf-427d-81fd-2dd392a404c0.png\"  width=\"480\"\/><\/a><\/li>\n<li><a class=\"_link_1lr5y_108\" href=\"https:\/\/www.svd.se\/av\/david-standar\" title=\"David Standar\" tabindex=\"-1\" rel=\"nofollow noopener\" target=\"_blank\"><img alt=\"Bild av David Standar\" class=\"_image_1lr5y_85\" fetchpriority=\"low\" decoding=\"async\" itemprop=\"image\" loading=\"lazy\"  src=\"https:\/\/www.europesays.com\/se\/wp-content\/uploads\/2026\/08\/1787038945_164_68e4c058-6f76-417f-9d36-fd717d76a94b.png\"  width=\"480\"\/><\/a><\/li>\n<\/ul>\n<p class=\"_textTheme_zldsx_1 _paragraph_16k26_4 _paragraph_3ue4t_27 layout-component layout-normal layout-padded body-medium\">Efter bara tv\u00e5 minuter hettade <a href=\"https:\/\/www.svd.se\/a\/0p33lG\/valet-2026-sverige-live-senaste-nytt\" class=\"_link_16k26_32\" rel=\"nofollow noopener\" target=\"_blank\">debatten<\/a> till n\u00e4r Ulf Kristersson anklagade Magdalena Andersson f\u00f6r hyckleri i skattefr\u00e5gan. <\/p>\n<p class=\"_textTheme_zldsx_1 _paragraph_16k26_4 _paragraph_3ue4t_27 layout-component layout-normal layout-padded body-medium\">\u2013\u00a0Magdalena Andersson f\u00f6rst\u00e4rker sin hush\u00e5llsekonomi med 50\u00a0000 kronor i m\u00e5naden genom att anv\u00e4nda l\u00e5gbeskattad aktieutdelning i\u00a0st\u00e4llet f\u00f6r att ta ut pengarna som riktig l\u00f6n. Makal\u00f6st hyckleri p\u00e5 den sidan, sade Kristersson.<\/p>\n","protected":false},"excerpt":{"rendered":"Statsminister Ulf Kristersson (M) anklagade Magdalena Andersson f\u00f6r hyckleri med h\u00e4nvisning till hur S-ledarens make har tagit emot&hellip;\n","protected":false},"author":2,"featured_media":343031,"comment_status":"","ping_status":"","sticky":false,"template":"","format":"standard","meta":{"footnotes":"","_share_on_mastodon":"0"},"categories":[12],"tags":[22,23,445,26,27,17,21,24,25,2186,28,29,15,16,18,34,31,33,32,30,19,20,1111],"class_list":["post-343030","post","type-post","status-publish","format-standard","has-post-thumbnail","category-sverige","tag-breaking-news","tag-breakingnews","tag-debatt","tag-featured-news","tag-featurednews","tag-headlines","tag-huvudnyheter","tag-latest-news","tag-latestnews","tag-magdalena-andersson","tag-main-news","tag-mainnews","tag-news","tag-nyheter","tag-rubriker","tag-se","tag-svenska","tag-sverige","tag-sweden","tag-swedish","tag-top-stories","tag-topstories","tag-ulf-kristersson"],"share_on_mastodon":{"url":"https:\/\/pubeurope.com\/@se\/117115391531810311","error":""},"_links":{"self":[{"href":"https:\/\/www.europesays.com\/se\/wp-json\/wp\/v2\/posts\/343030","targetHints":{"allow":["GET"]}}],"collection":[{"href":"https:\/\/www.europesays.com\/se\/wp-json\/wp\/v2\/posts"}],"about":[{"href":"https:\/\/www.europesays.com\/se\/wp-json\/wp\/v2\/types\/post"}],"author":[{"embeddable":true,"href":"https:\/\/www.europesays.com\/se\/wp-json\/wp\/v2\/users\/2"}],"replies":[{"embeddable":true,"href":"https:\/\/www.europesays.com\/se\/wp-json\/wp\/v2\/comments?post=343030"}],"version-history":[{"count":0,"href":"https:\/\/www.europesays.com\/se\/wp-json\/wp\/v2\/posts\/343030\/revisions"}],"wp:featuredmedia":[{"embeddable":true,"href":"https:\/\/www.europesays.com\/se\/wp-json\/wp\/v2\/media\/343031"}],"wp:attachment":[{"href":"https:\/\/www.europesays.com\/se\/wp-json\/wp\/v2\/media?parent=343030"}],"wp:term":[{"taxonomy":"category","embeddable":true,"href":"https:\/\/www.europesays.com\/se\/wp-json\/wp\/v2\/categories?post=343030"},{"taxonomy":"post_tag","embeddable":true,"href":"https:\/\/www.europesays.com\/se\/wp-json\/wp\/v2\/tags?post=343030"}],"curies":[{"name":"wp","href":"https:\/\/api.w.org\/{rel}","templated":true}]}}