{"id":343471,"date":"2026-08-18T14:32:11","date_gmt":"2026-08-18T14:32:11","guid":{"rendered":"https:\/\/www.europesays.com\/se\/343471\/"},"modified":"2026-08-18T14:32:11","modified_gmt":"2026-08-18T14:32:11","slug":"vanlig-behandling-kopplas-till-langsammare-forsamring-av-minnet","status":"publish","type":"post","link":"https:\/\/www.europesays.com\/se\/343471\/","title":{"rendered":"Vanlig behandling kopplas till l\u00e5ngsammare f\u00f6rs\u00e4mring av minnet"},"content":{"rendered":"<p>Fyndet \u00e4r s\u00e4rskilt intressant eftersom forskningen allt tydligare kopplar samman hj\u00e4rt-k\u00e4rlh\u00e4lsa med hj\u00e4rnans h\u00e4lsa. Dock b\u00f6r resultatet beh\u00f6ver tolkas f\u00f6rsiktigt, forskarna har hittat ett samband, inte bevisat att l\u00e4kemedlen skyddar mot demens.<\/p>\n<p>F\u00f6rmaksflimmer \u00e4r inte ovanligt och tillst\u00e5ndet inneb\u00e4r att hj\u00e4rtat sl\u00e5r oregelbundet och medf\u00f6r en \u00f6kad risk f\u00f6r blodpropp och stroke. D\u00e4rf\u00f6r behandlas m\u00e5nga patienter med blodf\u00f6rtunnande l\u00e4kemedel.<\/p>\n<p>Hj\u00e4rt-k\u00e4rlh\u00e4lsan kan samtidigt f\u00e5 konsekvenser l\u00e5ngt utanf\u00f6r sj\u00e4lva hj\u00e4rtat. E55 har tidigare uppm\u00e4rksammat hur m\u00e5nga som <a href=\"https:\/\/www.e55.se\/halsa\/var-femte-manniska-lever-med-dold-risk-for-hjart-karlsjukdom\" rel=\"nofollow noopener\" target=\"_blank\">lever med riskfaktorer f\u00f6r hj\u00e4rt-k\u00e4rlsjukdom utan att k\u00e4nna till det<\/a>.<\/p>\n<p>Den nya studien har <a href=\"https:\/\/medicinskaccess.se\/artiklar\/blodfoertunnande-kopplas-till-laangsammare-kognitiv-foersaemring\/\" rel=\"nofollow noopener\" target=\"_blank\">genomf\u00f6rts av forskare vid Karolinska Institutet <\/a>och publicerats i den vetenskapliga tidskriften <a href=\"https:\/\/academic.oup.com\/eurheartj\/advance-article\/doi\/10.1093\/eurheartj\/ehag584\/8758725\" rel=\"nofollow noopener\" target=\"_blank\">European Heart Journal<\/a>, skriver Medicinsk Access.<\/p>\n<p>\u00d6ver 7 000 personer f\u00f6ljdes<\/p>\n<p>I den nya observationsstudien ingick 7 308 personer som hade b\u00e5de f\u00f6rmaksflimmer och Alzheimers sjukdom.<\/p>\n<p>Forskarna j\u00e4mf\u00f6rde personer som behandlades med s\u00e5 kallade NOAK, en typ av blodf\u00f6rtunnande l\u00e4kemedel, med personer som behandlades med warfarin eller inte fick blodf\u00f6rtunnande behandling.<\/p>\n<p>Resultaten visade att behandling med NOAK var f\u00f6rknippad med en n\u00e5got l\u00e5ngsammare kognitiv f\u00f6rs\u00e4mring. Skillnaden var drygt 0,2 po\u00e4ng per \u00e5r p\u00e5 MMSE-skalan, ett etablerat test som bland annat anv\u00e4nds f\u00f6r att bed\u00f6ma minne och andra kognitiva funktioner.<\/p>\n<p>Det \u00e4r ingen dramatisk skillnad f\u00f6r den enskilda patienten under ett \u00e5r. Men forskningsresultatet \u00e4r intressant eftersom patienterna redan hade Alzheimers sjukdom och f\u00f6rmaksflimmer och eftersom skillnaden s\u00e5gs \u00f6ver tid.<\/p>\n","protected":false},"excerpt":{"rendered":"Fyndet \u00e4r s\u00e4rskilt intressant eftersom forskningen allt tydligare kopplar samman hj\u00e4rt-k\u00e4rlh\u00e4lsa med hj\u00e4rnans h\u00e4lsa. Dock b\u00f6r resultatet beh\u00f6ver&hellip;\n","protected":false},"author":2,"featured_media":343472,"comment_status":"","ping_status":"","sticky":false,"template":"","format":"standard","meta":{"footnotes":"","_share_on_mastodon":"0"},"categories":[69],"tags":[2100,632,113,112,14128,446,34,31,33,32,30],"class_list":["post-343471","post","type-post","status-publish","format-standard","has-post-thumbnail","category-halsa","tag-alzheimers-sjukdom","tag-forskning","tag-halsa","tag-health","tag-hjartat","tag-karolinska-institutet","tag-se","tag-svenska","tag-sverige","tag-sweden","tag-swedish"],"share_on_mastodon":{"url":"https:\/\/pubeurope.com\/@se\/117117003179167824","error":""},"_links":{"self":[{"href":"https:\/\/www.europesays.com\/se\/wp-json\/wp\/v2\/posts\/343471","targetHints":{"allow":["GET"]}}],"collection":[{"href":"https:\/\/www.europesays.com\/se\/wp-json\/wp\/v2\/posts"}],"about":[{"href":"https:\/\/www.europesays.com\/se\/wp-json\/wp\/v2\/types\/post"}],"author":[{"embeddable":true,"href":"https:\/\/www.europesays.com\/se\/wp-json\/wp\/v2\/users\/2"}],"replies":[{"embeddable":true,"href":"https:\/\/www.europesays.com\/se\/wp-json\/wp\/v2\/comments?post=343471"}],"version-history":[{"count":0,"href":"https:\/\/www.europesays.com\/se\/wp-json\/wp\/v2\/posts\/343471\/revisions"}],"wp:featuredmedia":[{"embeddable":true,"href":"https:\/\/www.europesays.com\/se\/wp-json\/wp\/v2\/media\/343472"}],"wp:attachment":[{"href":"https:\/\/www.europesays.com\/se\/wp-json\/wp\/v2\/media?parent=343471"}],"wp:term":[{"taxonomy":"category","embeddable":true,"href":"https:\/\/www.europesays.com\/se\/wp-json\/wp\/v2\/categories?post=343471"},{"taxonomy":"post_tag","embeddable":true,"href":"https:\/\/www.europesays.com\/se\/wp-json\/wp\/v2\/tags?post=343471"}],"curies":[{"name":"wp","href":"https:\/\/api.w.org\/{rel}","templated":true}]}}