{"id":343497,"date":"2026-08-18T14:47:14","date_gmt":"2026-08-18T14:47:14","guid":{"rendered":"https:\/\/www.europesays.com\/se\/343497\/"},"modified":"2026-08-18T14:47:14","modified_gmt":"2026-08-18T14:47:14","slug":"usa-kritiserar-israel-for-onodig-eskalering","status":"publish","type":"post","link":"https:\/\/www.europesays.com\/se\/343497\/","title":{"rendered":"USA kritiserar Israel f\u00f6r \u201don\u00f6dig eskalering\u201d"},"content":{"rendered":"<p>USA uttrycker oro \u00f6ver den attack mot en milit\u00e4rflygplats som Syrien anklagar Israel f\u00f6r att ha genomf\u00f6rt i landet, rapporterar flera nyhetsbyr\u00e5er.<\/p>\n<p>P\u00e5 X skriver Tom Barrack, USA:s ambassad\u00f6r i Turkiet och s\u00e4rskilt s\u00e4ndebud till Syrien, att man \u00e4r \u201ddjupt oroade\u201d \u00f6ver angreppet. Barrack menar att det \u00e4r \u201den on\u00f6dig eskalering som inte f\u00f6rb\u00e4ttrar stabiliteten i regionen\u201d.<\/p>\n<p>Sedan Syriens tidigare diktator Bashar al-Assad st\u00f6rtades i december 2024 har Israel genomf\u00f6rt flera angrepp mot landet, vars nya styre man \u00e4r skeptisk till.<\/p>\n<p>I sitt X-inl\u00e4gg skriver Barrack att Israel ligger bakom attacken, men det har hittills inte bekr\u00e4ftats fr\u00e5n israeliskt h\u00e5ll.<\/p>\n<p>Omni \u00e4r politiskt obundna och oberoende. Vi str\u00e4var efter att ge fler perspektiv p\u00e5 nyheterna. Har du fr\u00e5gor eller synpunkter kring v\u00e5r rapportering? <a href=\"https:\/\/omni.se\/usa-kritiserar-israel-for-onodig-eskalering\/a\/mailto:redaktion@omni.se\" class=\"ArticleActions-module-scss-module__w9u9BG__contactLink\" rel=\"nofollow noopener\" target=\"_blank\">Kontakta redaktionen<\/a><\/p>\n","protected":false},"excerpt":{"rendered":"USA uttrycker oro \u00f6ver den attack mot en milit\u00e4rflygplats som Syrien anklagar Israel f\u00f6r att ha genomf\u00f6rt i&hellip;\n","protected":false},"author":2,"featured_media":343498,"comment_status":"","ping_status":"","sticky":false,"template":"","format":"standard","meta":{"footnotes":"","_share_on_mastodon":"0"},"categories":[5],"tags":[4250,22,23,26,27,17,21,342,24,25,28,29,124,125,15,16,18,34,31,33,32,30,4251,19,20],"class_list":["post-343497","post","type-post","status-publish","format-standard","has-post-thumbnail","category-rubriker","tag-bashar-al-assad","tag-breaking-news","tag-breakingnews","tag-featured-news","tag-featurednews","tag-headlines","tag-huvudnyheter","tag-israel","tag-latest-news","tag-latestnews","tag-main-news","tag-mainnews","tag-mellanostern","tag-mellanosternkrisen","tag-news","tag-nyheter","tag-rubriker","tag-se","tag-svenska","tag-sverige","tag-sweden","tag-swedish","tag-syrien","tag-top-stories","tag-topstories"],"share_on_mastodon":{"url":"https:\/\/pubeurope.com\/@se\/117117062237403895","error":""},"_links":{"self":[{"href":"https:\/\/www.europesays.com\/se\/wp-json\/wp\/v2\/posts\/343497","targetHints":{"allow":["GET"]}}],"collection":[{"href":"https:\/\/www.europesays.com\/se\/wp-json\/wp\/v2\/posts"}],"about":[{"href":"https:\/\/www.europesays.com\/se\/wp-json\/wp\/v2\/types\/post"}],"author":[{"embeddable":true,"href":"https:\/\/www.europesays.com\/se\/wp-json\/wp\/v2\/users\/2"}],"replies":[{"embeddable":true,"href":"https:\/\/www.europesays.com\/se\/wp-json\/wp\/v2\/comments?post=343497"}],"version-history":[{"count":0,"href":"https:\/\/www.europesays.com\/se\/wp-json\/wp\/v2\/posts\/343497\/revisions"}],"wp:featuredmedia":[{"embeddable":true,"href":"https:\/\/www.europesays.com\/se\/wp-json\/wp\/v2\/media\/343498"}],"wp:attachment":[{"href":"https:\/\/www.europesays.com\/se\/wp-json\/wp\/v2\/media?parent=343497"}],"wp:term":[{"taxonomy":"category","embeddable":true,"href":"https:\/\/www.europesays.com\/se\/wp-json\/wp\/v2\/categories?post=343497"},{"taxonomy":"post_tag","embeddable":true,"href":"https:\/\/www.europesays.com\/se\/wp-json\/wp\/v2\/tags?post=343497"}],"curies":[{"name":"wp","href":"https:\/\/api.w.org\/{rel}","templated":true}]}}