{"id":343689,"date":"2026-08-18T17:58:39","date_gmt":"2026-08-18T17:58:39","guid":{"rendered":"https:\/\/www.europesays.com\/se\/343689\/"},"modified":"2026-08-18T17:58:39","modified_gmt":"2026-08-18T17:58:39","slug":"dansaren-och-koreografen-sofia-sodergard-har-gatt-bort","status":"publish","type":"post","link":"https:\/\/www.europesays.com\/se\/343689\/","title":{"rendered":"Dansaren och koreografen Sofia S\u00f6derg\u00e5rd har g\u00e5tt bort"},"content":{"rendered":"<p>  <a href=\"https:\/\/www.svd.se\/av\/anna-angstrom\" title=\"Anna \u00c5ngstr\u00f6m\" rel=\"nofollow noopener\" target=\"_blank\"><img decoding=\"async\" alt=\"Anna \u00c5ngstr\u00f6m\" class=\"_image_12vp2_69\" loading=\"lazy\"  src=\"https:\/\/www.europesays.com\/se\/wp-content\/uploads\/2026\/08\/0b1b5ab0-7a2e-4b8f-b71f-daccffdeda69.png\"  width=\"40\"\/><\/a><img alt=\"\" class=\"_image_1jxax_84 layout-component layout-wide\" data-fullscreen- data-track-element-type=\"Article image fullscreen\" data-track-name=\"ImageFullscreen\" fetchpriority=\"high\" decoding=\"sync\" loading=\"eager\" height=\"1184\" itemprop=\"image\"  src=\"https:\/\/www.europesays.com\/se\/wp-content\/uploads\/2026\/08\/e83f6680-34f6-3eb6-8332-dc9b15c43a30.jpeg\"  style=\"object-position:0% 0%\" width=\"1365\"\/><\/p>\n<p class=\"_textTheme_zldsx_1 _lead_16k26_2 _lead_3ue4t_18 layout-component layout-normal layout-padded _lead_o6m9k_5 _leadTheme_1q6sv_1 body-large bold\">Dansaren, koreografen och dj:n Sofia S\u00f6derg\u00e5rd har avlidit efter en tids sjukdom. Hon blev 39 \u00e5r.<\/p>\n<p class=\"_textTheme_zldsx_1 _paragraph_16k26_4 _paragraph_3ue4t_27 layout-component layout-normal\">Detta \u00e4r en kommentar. Eventuella \u00e5sikter som uttrycks \u00e4r skribentens egna.<\/p>\n<p class=\"_textTheme_zldsx_1 _paragraph_16k26_4 _paragraph_3ue4t_27 layout-component layout-normal layout-padded body-medium\">N\u00e4r Sofia S\u00f6derg\u00e5rd upptr\u00e4dde som sin dragking-persona Qarl Qunt var det en del som tog henne f\u00f6r en mansperson p\u00e5 riktigt \u2013 s\u00e5 v\u00e4l f\u00e5ngade hon kroppsspr\u00e5k, mimik och tonl\u00e4ge. <\/p>\n<p class=\"_textTheme_zldsx_1 _paragraph_16k26_4 _paragraph_3ue4t_27 layout-component layout-normal layout-padded body-medium\">\u2013 Det finns publik som inte fattat att jag \u00e4r kvinna, ber\u00e4ttade hon med viss f\u00f6rtjusning f\u00f6r mig n\u00e4r det hyllade <a href=\"https:\/\/www.svd.se\/a\/P3Q8LR\/det-finns-publik-som-inte-ens-fattat-att-jag-ar-kvinna\" class=\"_link_16k26_32\" rel=\"nofollow noopener\" target=\"_blank\">solot \u201dSlick\u201d<\/a> \u00e5terkom till Dansens hus och hade valts ut till Scenkonstbiennalen 2019.<\/p>\n","protected":false},"excerpt":{"rendered":"Dansaren, koreografen och dj:n Sofia S\u00f6derg\u00e5rd har avlidit efter en tids sjukdom. Hon blev 39 \u00e5r. Detta \u00e4r&hellip;\n","protected":false},"author":2,"featured_media":343690,"comment_status":"","ping_status":"","sticky":false,"template":"","format":"standard","meta":{"footnotes":"","_share_on_mastodon":"0"},"categories":[67],"tags":[904,104,34,38475,21491,31,33,32,30,105],"class_list":["post-343689","post","type-post","status-publish","format-standard","has-post-thumbnail","category-underhallning","tag-dans","tag-entertainment","tag-se","tag-sofia-sodergard","tag-svd-berattande-kultur","tag-svenska","tag-sverige","tag-sweden","tag-swedish","tag-underhallning"],"share_on_mastodon":{"url":"https:\/\/pubeurope.com\/@se\/117117813900847847","error":""},"_links":{"self":[{"href":"https:\/\/www.europesays.com\/se\/wp-json\/wp\/v2\/posts\/343689","targetHints":{"allow":["GET"]}}],"collection":[{"href":"https:\/\/www.europesays.com\/se\/wp-json\/wp\/v2\/posts"}],"about":[{"href":"https:\/\/www.europesays.com\/se\/wp-json\/wp\/v2\/types\/post"}],"author":[{"embeddable":true,"href":"https:\/\/www.europesays.com\/se\/wp-json\/wp\/v2\/users\/2"}],"replies":[{"embeddable":true,"href":"https:\/\/www.europesays.com\/se\/wp-json\/wp\/v2\/comments?post=343689"}],"version-history":[{"count":0,"href":"https:\/\/www.europesays.com\/se\/wp-json\/wp\/v2\/posts\/343689\/revisions"}],"wp:featuredmedia":[{"embeddable":true,"href":"https:\/\/www.europesays.com\/se\/wp-json\/wp\/v2\/media\/343690"}],"wp:attachment":[{"href":"https:\/\/www.europesays.com\/se\/wp-json\/wp\/v2\/media?parent=343689"}],"wp:term":[{"taxonomy":"category","embeddable":true,"href":"https:\/\/www.europesays.com\/se\/wp-json\/wp\/v2\/categories?post=343689"},{"taxonomy":"post_tag","embeddable":true,"href":"https:\/\/www.europesays.com\/se\/wp-json\/wp\/v2\/tags?post=343689"}],"curies":[{"name":"wp","href":"https:\/\/api.w.org\/{rel}","templated":true}]}}