{"id":34373,"date":"2025-09-19T13:15:09","date_gmt":"2025-09-19T13:15:09","guid":{"rendered":"https:\/\/www.europesays.com\/se\/34373\/"},"modified":"2025-09-19T13:15:09","modified_gmt":"2025-09-19T13:15:09","slug":"vattnet-stiger-allmanheten-i-lindesberg-varnas-sverige","status":"publish","type":"post","link":"https:\/\/www.europesays.com\/se\/34373\/","title":{"rendered":"Vattnet stiger \u2013 allm\u00e4nheten i Lindesberg varnas | Sverige"},"content":{"rendered":"<p>Publicerad 19 sep 2025 kl 12.57Uppdaterad kl 14.33<\/p>\n<p>Det har regnat rej\u00e4lt i Bergslagen.<\/p>\n<p>Nu \u00e4r det s\u00e5 h\u00f6ga fl\u00f6den att Linde Energi varnar inv\u00e5narna i Lindesberg.<\/p>\n<p>\u201dTa det f\u00f6rsiktigt i n\u00e4rheten av sj\u00f6ar och vattendrag\u201d, skriver elbolaget i ett pressmeddelande.\u00a0<\/p>\n<p>110 millimeter regn fr\u00e5n den 1 september fram till i onsdags.<\/p>\n<p>De senaste veckornas kraftiga nederb\u00f6rd har lett till ovanligt h\u00f6ga fl\u00f6den i <a href=\"https:\/\/www.expressen.se\/tagg\/location\/lindesberg\/\" class=\"\" rel=\"nofollow noopener\" target=\"_blank\">Lindesberg<\/a> kommun.<\/p>\n<p>\u2013 Det \u00e4r stora vattenmassor med h\u00f6g fart som \u00e4r i r\u00f6relse, s\u00e4ger Linus S\u00f6derman, chef elproduktion p\u00e5 Linde energi, i ett uttalande.\u00a0<\/p>\n<p>Bolaget k\u00f6r s\u00e5 mycket vatten som m\u00f6jligt genom kraftstationer och dammar, men uppmanar allm\u00e4nheten att se till att b\u00e5tar och bryggor \u00e4r ordentligt f\u00f6rankrade.<\/p>\n<p>\u2013 S\u00e5 att de inte sliter sig och hamnar framf\u00f6r v\u00e5ra dammluckor vilket skulle utspela sig i att det begr\u00e4nsar v\u00e5r avb\u00f6rdningsf\u00f6rm\u00e5ga vid anl\u00e4ggningarna, s\u00e4ger Linus S\u00f6derman.\u00a0<\/p>\n<p>Samtidigt uppmanas alla att vara f\u00f6rsiktiga n\u00e4r man r\u00f6r sig i anslutning till sj\u00f6ar eller vattendrag. Vattnet forts\u00e4tter stiga.\u00a0<\/p>\n<p>\u2013 Fritidshus\u00e4gare b\u00f6r titta till sina stugor. Vi arbetar intensivt med att h\u00e5lla vattenniv\u00e5erna i schack.<\/p>\n","protected":false},"excerpt":{"rendered":"Publicerad 19 sep 2025 kl 12.57Uppdaterad kl 14.33 Det har regnat rej\u00e4lt i Bergslagen. Nu \u00e4r det s\u00e5&hellip;\n","protected":false},"author":2,"featured_media":319,"comment_status":"","ping_status":"","sticky":false,"template":"","format":"standard","meta":{"footnotes":""},"categories":[12],"tags":[22,23,26,27,17,21,24,25,3679,28,29,15,16,18,34,154,31,33,32,30,19,20],"class_list":{"0":"post-34373","1":"post","2":"type-post","3":"status-publish","4":"format-standard","5":"has-post-thumbnail","7":"category-sverige","8":"tag-breaking-news","9":"tag-breakingnews","10":"tag-featured-news","11":"tag-featurednews","12":"tag-headlines","13":"tag-huvudnyheter","14":"tag-latest-news","15":"tag-latestnews","16":"tag-location-lindesberg","17":"tag-main-news","18":"tag-mainnews","19":"tag-news","20":"tag-nyheter","21":"tag-rubriker","22":"tag-se","23":"tag-sections-sverige","24":"tag-svenska","25":"tag-sverige","26":"tag-sweden","27":"tag-swedish","28":"tag-top-stories","29":"tag-topstories"},"share_on_mastodon":{"url":"","error":""},"_links":{"self":[{"href":"https:\/\/www.europesays.com\/se\/wp-json\/wp\/v2\/posts\/34373","targetHints":{"allow":["GET"]}}],"collection":[{"href":"https:\/\/www.europesays.com\/se\/wp-json\/wp\/v2\/posts"}],"about":[{"href":"https:\/\/www.europesays.com\/se\/wp-json\/wp\/v2\/types\/post"}],"author":[{"embeddable":true,"href":"https:\/\/www.europesays.com\/se\/wp-json\/wp\/v2\/users\/2"}],"replies":[{"embeddable":true,"href":"https:\/\/www.europesays.com\/se\/wp-json\/wp\/v2\/comments?post=34373"}],"version-history":[{"count":0,"href":"https:\/\/www.europesays.com\/se\/wp-json\/wp\/v2\/posts\/34373\/revisions"}],"wp:featuredmedia":[{"embeddable":true,"href":"https:\/\/www.europesays.com\/se\/wp-json\/wp\/v2\/media\/319"}],"wp:attachment":[{"href":"https:\/\/www.europesays.com\/se\/wp-json\/wp\/v2\/media?parent=34373"}],"wp:term":[{"taxonomy":"category","embeddable":true,"href":"https:\/\/www.europesays.com\/se\/wp-json\/wp\/v2\/categories?post=34373"},{"taxonomy":"post_tag","embeddable":true,"href":"https:\/\/www.europesays.com\/se\/wp-json\/wp\/v2\/tags?post=34373"}],"curies":[{"name":"wp","href":"https:\/\/api.w.org\/{rel}","templated":true}]}}