{"id":34420,"date":"2025-09-19T14:01:22","date_gmt":"2025-09-19T14:01:22","guid":{"rendered":"https:\/\/www.europesays.com\/se\/34420\/"},"modified":"2025-09-19T14:01:22","modified_gmt":"2025-09-19T14:01:22","slug":"nya-eu-sanktioner-foreslas-forbud-mot-rysk-naturgas","status":"publish","type":"post","link":"https:\/\/www.europesays.com\/se\/34420\/","title":{"rendered":"Nya EU-sanktioner f\u00f6resl\u00e5s: F\u00f6rbud mot rysk naturgas"},"content":{"rendered":"<p>EU-kommissionen har lagt fram ett f\u00f6rslag p\u00e5 ett 19:e sanktionspaket mot Ryssland, skriver AFP. Bland annat vill man f\u00f6rbjuda import av rysk flytande naturgas (LNG). <\/p>\n<p>\u2013 Det \u00e4r dags att st\u00e4nga kranen, s\u00e4ger kommissionens ordf\u00f6rande Ursula von der Leyen enligt TT.<\/p>\n<p>Paketet inneh\u00e5ller ocks\u00e5 sanktioner mot ytterligare 118 fartyg som misst\u00e4nks tillh\u00f6ra den s\u00e5 kallade ryska skuggflottan. Det m\u00e5ste godk\u00e4nnas av alla medlemsl\u00e4nder i EU-parlamentet innan det tr\u00e4der i kraft. <\/p>\n<p>F\u00f6rra veckan uppmanade USA:s president Donald Trump alla Natol\u00e4nder att sluta importera rysk olja. <\/p>\n<p>Omni \u00e4r politiskt obundna och oberoende. Vi str\u00e4var efter att ge fler perspektiv p\u00e5 nyheterna. Har du fr\u00e5gor eller synpunkter kring v\u00e5r rapportering? <a href=\"https:\/\/omni.se\/nya-eu-sanktioner-mot-ryssland-laggs-fram\/a\/mailto:redaktion@omni.se\" class=\"ArticleActions_contactLink__W2F1M\" rel=\"nofollow noopener\" target=\"_blank\">Kontakta redaktionen<\/a><\/p>\n","protected":false},"excerpt":{"rendered":"EU-kommissionen har lagt fram ett f\u00f6rslag p\u00e5 ett 19:e sanktionspaket mot Ryssland, skriver AFP. Bland annat vill man&hellip;\n","protected":false},"author":2,"featured_media":34421,"comment_status":"","ping_status":"","sticky":false,"template":"","format":"standard","meta":{"footnotes":""},"categories":[65],"tags":[72,70,71,73,2457,267,269,264,34,31,33,32,30],"class_list":{"0":"post-34420","1":"post","2":"type-post","3":"status-publish","4":"format-standard","5":"has-post-thumbnail","7":"category-ekonomi","8":"tag-business","9":"tag-economy","10":"tag-ekonomi","11":"tag-eu","12":"tag-eu-kommissionen","13":"tag-europa","14":"tag-ryska-invasionen","15":"tag-ryssland","16":"tag-se","17":"tag-svenska","18":"tag-sverige","19":"tag-sweden","20":"tag-swedish"},"share_on_mastodon":{"url":"","error":""},"_links":{"self":[{"href":"https:\/\/www.europesays.com\/se\/wp-json\/wp\/v2\/posts\/34420","targetHints":{"allow":["GET"]}}],"collection":[{"href":"https:\/\/www.europesays.com\/se\/wp-json\/wp\/v2\/posts"}],"about":[{"href":"https:\/\/www.europesays.com\/se\/wp-json\/wp\/v2\/types\/post"}],"author":[{"embeddable":true,"href":"https:\/\/www.europesays.com\/se\/wp-json\/wp\/v2\/users\/2"}],"replies":[{"embeddable":true,"href":"https:\/\/www.europesays.com\/se\/wp-json\/wp\/v2\/comments?post=34420"}],"version-history":[{"count":0,"href":"https:\/\/www.europesays.com\/se\/wp-json\/wp\/v2\/posts\/34420\/revisions"}],"wp:featuredmedia":[{"embeddable":true,"href":"https:\/\/www.europesays.com\/se\/wp-json\/wp\/v2\/media\/34421"}],"wp:attachment":[{"href":"https:\/\/www.europesays.com\/se\/wp-json\/wp\/v2\/media?parent=34420"}],"wp:term":[{"taxonomy":"category","embeddable":true,"href":"https:\/\/www.europesays.com\/se\/wp-json\/wp\/v2\/categories?post=34420"},{"taxonomy":"post_tag","embeddable":true,"href":"https:\/\/www.europesays.com\/se\/wp-json\/wp\/v2\/tags?post=34420"}],"curies":[{"name":"wp","href":"https:\/\/api.w.org\/{rel}","templated":true}]}}