{"id":34424,"date":"2025-09-19T14:04:26","date_gmt":"2025-09-19T14:04:26","guid":{"rendered":"https:\/\/www.europesays.com\/se\/34424\/"},"modified":"2025-09-19T14:04:26","modified_gmt":"2025-09-19T14:04:26","slug":"stenungsund-kravs-pa-570-miljoner-efter-skredet","status":"publish","type":"post","link":"https:\/\/www.europesays.com\/se\/34424\/","title":{"rendered":"Stenungsund kr\u00e4vs p\u00e5 570 miljoner efter skredet"},"content":{"rendered":"<p>Att bygga upp motorv\u00e4gsdelen som skadades under ett jordskred vid E6:an utanf\u00f6r Stenungsund f\u00f6r tv\u00e5 \u00e5r sedan kostade Trafikverket 570 miljoner kronor. Pengar som man nu kr\u00e4ver att Stenungsunds kommun ska ers\u00e4tta, rapporterar ST-tidningen. <\/p>\n<p>Kommunstyrelsens ordf\u00f6rande Olof Lundberg (S) s\u00e4ger till tidningen att kommunen skulle beh\u00f6va skulds\u00e4tta sig f\u00f6r att betala hela summan.<\/p>\n<p>Ut\u00f6ver de miljoner som Trafikverket kr\u00e4ver har kommunen f\u00e5tt in ytterligare fyra skadest\u00e5ndskrav p\u00e5 runt 100 miljoner kronor, rapporterar P4 V\u00e4st. <\/p>\n<p>Omni \u00e4r politiskt obundna och oberoende. Vi str\u00e4var efter att ge fler perspektiv p\u00e5 nyheterna. Har du fr\u00e5gor eller synpunkter kring v\u00e5r rapportering? <a href=\"https:\/\/omni.se\/stenungsund-kravs-pa-570-miljoner-efter-skredet\/a\/mailto:redaktion@omni.se\" class=\"ArticleActions_contactLink__W2F1M\" rel=\"nofollow noopener\" target=\"_blank\">Kontakta redaktionen<\/a><\/p>\n","protected":false},"excerpt":{"rendered":"Att bygga upp motorv\u00e4gsdelen som skadades under ett jordskred vid E6:an utanf\u00f6r Stenungsund f\u00f6r tv\u00e5 \u00e5r sedan kostade&hellip;\n","protected":false},"author":2,"featured_media":34425,"comment_status":"","ping_status":"","sticky":false,"template":"","format":"standard","meta":{"footnotes":""},"categories":[5],"tags":[22,23,26,27,17,21,24,25,28,29,15,16,18,34,3682,31,33,32,30,19,20,1841,1084],"class_list":{"0":"post-34424","1":"post","2":"type-post","3":"status-publish","4":"format-standard","5":"has-post-thumbnail","7":"category-rubriker","8":"tag-breaking-news","9":"tag-breakingnews","10":"tag-featured-news","11":"tag-featurednews","12":"tag-headlines","13":"tag-huvudnyheter","14":"tag-latest-news","15":"tag-latestnews","16":"tag-main-news","17":"tag-mainnews","18":"tag-news","19":"tag-nyheter","20":"tag-rubriker","21":"tag-se","22":"tag-stenungsund","23":"tag-svenska","24":"tag-sverige","25":"tag-sweden","26":"tag-swedish","27":"tag-top-stories","28":"tag-topstories","29":"tag-trafikverket","30":"tag-vastra-gotalands-lan"},"share_on_mastodon":{"url":"","error":""},"_links":{"self":[{"href":"https:\/\/www.europesays.com\/se\/wp-json\/wp\/v2\/posts\/34424","targetHints":{"allow":["GET"]}}],"collection":[{"href":"https:\/\/www.europesays.com\/se\/wp-json\/wp\/v2\/posts"}],"about":[{"href":"https:\/\/www.europesays.com\/se\/wp-json\/wp\/v2\/types\/post"}],"author":[{"embeddable":true,"href":"https:\/\/www.europesays.com\/se\/wp-json\/wp\/v2\/users\/2"}],"replies":[{"embeddable":true,"href":"https:\/\/www.europesays.com\/se\/wp-json\/wp\/v2\/comments?post=34424"}],"version-history":[{"count":0,"href":"https:\/\/www.europesays.com\/se\/wp-json\/wp\/v2\/posts\/34424\/revisions"}],"wp:featuredmedia":[{"embeddable":true,"href":"https:\/\/www.europesays.com\/se\/wp-json\/wp\/v2\/media\/34425"}],"wp:attachment":[{"href":"https:\/\/www.europesays.com\/se\/wp-json\/wp\/v2\/media?parent=34424"}],"wp:term":[{"taxonomy":"category","embeddable":true,"href":"https:\/\/www.europesays.com\/se\/wp-json\/wp\/v2\/categories?post=34424"},{"taxonomy":"post_tag","embeddable":true,"href":"https:\/\/www.europesays.com\/se\/wp-json\/wp\/v2\/tags?post=34424"}],"curies":[{"name":"wp","href":"https:\/\/api.w.org\/{rel}","templated":true}]}}