{"id":34426,"date":"2025-09-19T14:06:13","date_gmt":"2025-09-19T14:06:13","guid":{"rendered":"https:\/\/www.europesays.com\/se\/34426\/"},"modified":"2025-09-19T14:06:13","modified_gmt":"2025-09-19T14:06:13","slug":"kommer-alltid-hata-er-for-det","status":"publish","type":"post","link":"https:\/\/www.europesays.com\/se\/34426\/","title":{"rendered":"\u201dKommer alltid hata er f\u00f6r det\u201d"},"content":{"rendered":"<p><img loading=\"lazy\"   alt=\"\"\/><\/p>\n<p>Ebba Bognesand, mitten, har flyttat fr\u00e5n bottenlaget Falun till topplaget Pixbo.<\/p>\n<p>Foto: PER WIKLUND \/ BILDBYR\u00c5N<\/p>\n<p>\u00d6ppna bild i helsk\u00e4rm<img loading=\"lazy\"   alt=\"\"\/><\/p>\n<p>24-\u00e5ringen kommer aldrig spela i Falun igen efter fjol\u00e5rets turbulens.<\/p>\n<p>Foto: Tiktok.<\/p>\n<p>\u00d6ppna bild i helsk\u00e4rm<\/p>\n<p>Visst, parkeringen kostar n\u00e5gra slantar mer och att ta sig till tr\u00e4ningen tar betydligt l\u00e4ngre tid p\u00e5 grund av all trafik.<\/p>\n<p>Men Ebba Bognesand \u00e4lskar livet i G\u00f6teborg.<\/p>\n<p>Den lilla familjen \u2013 med pojkv\u00e4n och hund \u2013 har flyttat med ned fr\u00e5n Falun och hon trivs utm\u00e4rkt p\u00e5 nya jobbet som milj\u00f6- och h\u00e5llbarhetskoordinator och med nya lagkamraterna i Pixbo.<\/p>\n<p>\u2013 Det k\u00e4nns mycket proffsigare h\u00e4r \u00e4n i Falun, s\u00e4ger forwarden som valde topplaget f\u00f6re Warberg och Partille som ocks\u00e5 visade intresse i v\u00e5ras.<\/p>\n<p>\u2013 M\u00e5nga sa att Pixbo var s\u00e4msta valet f\u00f6r mig f\u00f6r att jag kommer f\u00e5 mindre speltid. Jag k\u00e4nner att jag f\u00e5r de b\u00e4sta f\u00f6ruts\u00e4ttningarna att komma i g\u00e5ng ordentligt med innebandyn h\u00e4r. Jag vill ta n\u00e4sta steg i min karri\u00e4r. Nu t\u00e4vlar jag med de b\u00e4sta spelarna p\u00e5 varje tr\u00e4ning. Sedan handlar det som i alla lag att visa att jag ska spela och det ska jag f\u00f6rs\u00f6ka g\u00f6ra nu. Hade jag varit skitd\u00e5lig hade jag inte f\u00e5tt spela i Warberg heller.<\/p>\n<p>Fjol\u00e5ret i Falun blev n\u00e5got som varken Ebba Bognesand eller hennes lagkamrater hade f\u00f6rv\u00e4ntat sig. Redan runt jul b\u00f6rjade rykten om att Falun skulle l\u00e4gga ner sitt damlag p\u00e5 grund av ekonomin sippra ut.<\/p>\n<p>Bognesand &amp; co l\u00f6ste nytt kontrakt i slutomg\u00e5ngen \u2013 <a href=\"https:\/\/www.expressen.se\/sport\/innebandy\/lina-svarfvar-man-blir-aldrig-forvanad-langre\/\" rel=\"nofollow noopener\" target=\"_blank\">men bara n\u00e5gra dagar senare meddelade f\u00f6reningen att det inte blir n\u00e5gon fortsatt satsning p\u00e5 damsidan.<\/a><\/p>\n<p>\u2013 Jag hade det p\u00e5 k\u00e4nn s\u00e5 jag blev inte j\u00e4tte\u00f6verraskad.<\/p>\n<p>\u201dMan var v\u00e4ldigt tr\u00f6tt p\u00e5 allt\u201d<\/p>\n<p>Efter\u00e5t avsl\u00f6jade spelarna att de inte k\u00e4nt n\u00e5got st\u00f6d fr\u00e5n f\u00f6reningen med ordf\u00f6rande Dan Andersson i spetsen under egentligen hela s\u00e4songen. Att de k\u00e4nde att damerna inte alls fick samma uppbackning som det framg\u00e5ngsrika och stj\u00e4rnfyllda herrlaget.<\/p>\n<p>Lagkaptensduon Ebba Bognesand och Lina Svarfvar var de tv\u00e5 som f\u00f6rde lagets talan i media.<\/p>\n<p>\u2013 Det tog musten ur en att h\u00e5lla p\u00e5 och k\u00e4mpa f\u00f6r j\u00e4mst\u00e4lldhet. Det \u00e4r 2025. Vi borde vara lika mycket v\u00e4rda som ett herrlag. Jag kunde inte fokusera p\u00e5 innebandyn n\u00e5gonting egentligen. Allt med organisationen, styrelsen och att f\u00e5 alla i laget att m\u00e5 bra gick ut \u00f6ver min familj. Man var v\u00e4ldigt tr\u00f6tt p\u00e5 allt.<\/p>\n<p><img loading=\"lazy\"   alt=\"\"\/><\/p>\n<p>Ebba Bognesand: \u201dVi pratade om att vi skulle avs\u00e4tta styrelsen och det gjorde vi\u201d<\/p>\n<p>Foto: PER WIKLUND \/ BILDBYR\u00c5N<\/p>\n<p>\u00d6ppna bild i helsk\u00e4rm<\/p>\n<p>Ebba Bognesand har efter s\u00e4songen beh\u00f6vt f\u00e5 ett utlopp f\u00f6r sina k\u00e4nslor.<\/p>\n<p>Det har skett i intervjuer.<\/p>\n<p>Men ocks\u00e5 p\u00e5 Instagram.<\/p>\n<p>Annons<\/p>\n<p>I ett k\u00e4nslofyllt inl\u00e4gg i b\u00f6rjan av sommaren gav hon <a href=\"https:\/\/www.expressen.se\/tagg\/organization\/ibf-falun\/\" class=\"\" rel=\"nofollow noopener\" target=\"_blank\">IBF Falun<\/a> och dess styrelse blytung kritik.<\/p>\n<p>Hon kallade det bland annat f\u00f6r en \u201dsektf\u00f6rening\u201d.<\/p>\n<p>I inl\u00e4gget f\u00f6rklarade hon att det fanns sponsorer som var villiga att kliva in och st\u00f6tta damlaget ekonomiskt men att styrelsen valde att blunda f\u00f6r det. Hon menade ocks\u00e5 att styrelsen bara tyckte det var jobbigt med damernas krav.<\/p>\n<p>\u201dNi l\u00e4t oss sj\u00e4lvd\u00f6, f\u00f6r det \u00e4r helt om\u00f6jligt att vara elitidrottare och f\u00f6rs\u00f6ka vara v\u00e5r egna styrelse samtidigt, och det visste ni. Jag kommer alltid hata er f\u00f6r det. Att v\u00e4rldens finaste tr\u00f6ja har blivit n\u00e5got s\u00e5 otroligt fult\u201d, avslutar hon inl\u00e4gget (se hela inl\u00e4gget l\u00e4ngst ner i artikeln).<\/p>\n<p>Inget fan av tidigare ordf\u00f6randen \u2013 eller nya<\/p>\n<p>Med n\u00e5gra m\u00e5naders distans k\u00e4nner Ebba Bognesand att stridsyxan \u00e4r begraven.<\/p>\n<p>Men att ta fram klassikern att det inte finns n\u00e5gra \u201dhard feelings\u201d g\u00f6r hon inte.\u00a0<\/p>\n<p>Tv\u00e4rtom.<\/p>\n<p>\u2013 Jag kan inte komma \u00f6ver hur vi blev behandlade \u00e4ven om jag inte \u00e4r arg och irriterad p\u00e5 det nu. Men jag kommer aldrig vilja ha n\u00e5got att g\u00f6ra med Dan Andersson och alla som st\u00e5r bakom honom igen.\u00a0<\/p>\n<p><strong>N\u00e4r var sista g\u00e5ngen du pratade eller tr\u00e4ffade honom?<\/strong><\/p>\n<p>\u2013 Det var p\u00e5 \u00e5rsst\u00e4mman i b\u00f6rjan av juni. F\u00f6rhoppningsvis var det \u00e4ven den sista. Man ska ha personer runtomkring sig som man m\u00e5r bra av. Jag m\u00e5r d\u00e5ligt av dem.<\/p>\n<p>P\u00e5 den n\u00e4mnda \u00e5rsst\u00e4mman valdes en helt ny styrelse in hos IBF Falun. Daniel Lindkvist tog \u00f6ver som nygammal ordf\u00f6rande efter Dan Andersson. Lindkvist har tidigare varit ordf\u00f6rande och \u00e4ven klubbchef i f\u00f6reningen.<\/p>\n<p>\u2013 Jag och Lina pratade om det innan vi drog d\u00e4rifr\u00e5n. Att vi skulle avs\u00e4tta styrelsen \u2013 och det gjorde vi. Det \u00e4r en vinst i sig. De har dragit hela f\u00f6reningen i skiten. Sedan har jag ett stort fr\u00e5getecken f\u00f6r att Daniel Lindkvist \u00e4r med i organisationen igen. Han \u00e4r en anledning till att det dalade s\u00e5 otroligt mycket. Det \u00e4r helt bedr\u00f6vligt om jag ska vara \u00e4rlig, men jag hoppas det blir bra f\u00f6r killarna.<\/p>\n<p>Ebba Bognesand representerade Falun i totalt tre s\u00e4songer.<\/p>\n<p>Visserligen finns damlaget inte kvar i yttersta eliten \u2013 men \u00e4ven om det hade varit s\u00e5 hade det inte varit aktuellt f\u00f6r henne att spela vidare d\u00e4r.\u00a0<\/p>\n<p>\u2013 Jag har k\u00e4nt att jag brunnit f\u00f6r IBF och gjort allt och lite till f\u00f6r f\u00f6reningen. Man st\u00e4llde upp men fick ingenting tillbaka. Det var bara struligt och jag blir tr\u00f6tt bara av tanken. Jag kommer aldrig s\u00e4tta p\u00e5 mig en IBF-tr\u00f6ja igen.<\/p>\n<p>Annons<\/p>\n<p>Tackar sambo och hund: \u201dLite cheesy\u201d<\/p>\n<p>Ebba Bognesand har tidigare under karri\u00e4ren brottats med psykisk oh\u00e4lsa.<\/p>\n<p>Ett tag handlade det mer om att \u00f6verleva \u00e4n att leva.<\/p>\n<p>Hon flyttade d\u00e5 till Falun och blev sambo med pojkv\u00e4nnen Emil Kalentun. Han spelade i herrlaget fram till i v\u00e5ras innan han ocks\u00e5 skrev p\u00e5 f\u00f6r Pixbo.<\/p>\n<p>\u2013 Det var i Falun jag hittade min gl\u00f6d igen. Det var d\u00e4r jag b\u00f6rjade tycka om livet igen. Jag fick otroliga v\u00e4nner och kolleger. Det \u00e4r d\u00e4rf\u00f6r jag blev s\u00e5 uppr\u00f6rd n\u00e4r det h\u00e4r h\u00e4nde. F\u00f6r det f\u00f6rst\u00f6rde inte bara min innebandy utan hela min tillvaro i Falun, s\u00e4ger Ebba Bognesand.<\/p>\n<p><img loading=\"lazy\"   alt=\"\"\/><\/p>\n<p>Ebba Bognesand med hunden Allan.<\/p>\n<p>Foto: Tiktok.<\/p>\n<p>\u00d6ppna bild i helsk\u00e4rm<\/p>\n<p>Men v\u00e4lm\u00e5endet lyckades hon beh\u00e5lla den h\u00e4r g\u00e5ngen.<\/p>\n<p>Mycket tack vare de verktyg hon tidigare f\u00e5tt av l\u00e4kare och psykologer.<\/p>\n<p>Ebba Bognesand har l\u00e4rt sig dela upp privatlivet, jobbet och innebandyn. Separera k\u00e4nslorna.<\/p>\n<p>\u2013 Det var andra i laget som m\u00e5dde otroligt d\u00e5ligt och det var jobbigt att se. Jag har ocks\u00e5 haft stunder i det h\u00e4r d\u00e4r jag har m\u00e5tt v\u00e4ldigt d\u00e5ligt, men det har inte p\u00e5verkat mitt m\u00e5ende lika mycket som det hade gjort f\u00f6r kanske tv\u00e5 \u00e5r sedan. Det h\u00e4r hade kunnat vara en sak som avslutade min karri\u00e4r d\u00e5.<\/p>\n<p><strong>Hur \u00e4r ditt m\u00e5ende i dag?<\/strong><\/p>\n<p>\u2013 Bra, absolut. Man l\u00e4r sig att leva med \u00e5ngest och panikattacker, men nu kontrollerar jag det och inte tv\u00e4rtom. Det \u00e4r sv\u00e5rt att beskriva men det \u00e4r en otrolig k\u00e4nsla. Jag \u00e4r otroligt glad \u00f6ver det.<\/p>\n<p><strong>Finns det n\u00e5gon oro hos dig att du ska hamna i samma m\u00f6rka plats igen?<\/strong><\/p>\n<p>\u2013 Det h\u00e4r har ju varit en intensiv period med mycket f\u00f6r\u00e4ndringar \u2013 ny stad, nytt lag, nytt jobb \u2013 och d\u00e5 vet man aldrig hur kropp och knopp svarar. Jag har en historia d\u00e4r f\u00f6r\u00e4ndringar har varit jobbiga f\u00f6r mig. Men jag har m\u00e5tt v\u00e4ldigt bra den h\u00e4r perioden. Jag har k\u00e4nt mig v\u00e4lkomnad i laget och p\u00e5 jobbet. Det l\u00e5ter lite cheesy men s\u00e5 l\u00e4nge jag \u00e4r med Emil och min hund Allan \u00e4r det en tillr\u00e4cklig trygghet f\u00f6r mig.<\/p>\n<p>Faluns svar: \u201dK\u00e4mpade in i det sista\u201d<\/p>\n<p><a href=\"https:\/\/www.falukuriren.se\/2025-04-09\/anklagades-for-att-vara-hotfull-kanslorna-kan-inte-sagas-emot\/\" rel=\"nofollow noopener\" target=\"_blank\">Dan Andersson valde i v\u00e5ras i Falu-Kuriren att bem\u00f6ta kritiken<\/a> fr\u00e5n Lina Svarfvar och Ebba Bognesand. Han h\u00f6ll inte med om att damlaget inte ska ha f\u00e5tt n\u00e5gon hj\u00e4lp fr\u00e5n styrelseh\u00e5ll f\u00f6r att kunna forts\u00e4tta sin satsning denna s\u00e4song.<\/p>\n<p>\u2013 Vi har v\u00e4nt p\u00e5 alla stenar, v\u00e4rderat j\u00e4ttem\u00e5nga scenarion. Vi f\u00e5r kritik f\u00f6r att vi inte g\u00e5tt ut med det h\u00e4r tidigare. Det v\u00e4nder jag mig emot f\u00f6r vi k\u00e4mpade in i det sista f\u00f6r att hitta alternativ. V\u00e5r uppfattning \u00e4r att det \u00e4r b\u00e4ttre att l\u00e5ta sporten ha sin g\u00e5ng \u00e4n att kasta in handduken f\u00f6r tidigt, sa han.<\/p>\n<p><img loading=\"lazy\"   alt=\"\"\/><\/p>\n<p>Daniel Lindkvist vid ett tidigare tillf\u00e4lle d\u00e5 han intervjuades i egenskap av klubbchef.<\/p>\n<p>Foto: Expressen<\/p>\n<p>\u00d6ppna bild i helsk\u00e4rm<\/p>\n<p>Nygamle ordf\u00f6randen Daniel Lindkvist \u2013 som Ebba Bognesand menar var en av av anledningarna till att damerna b\u00f6rjade nedprioriteras \u2013 s\u00e4ger att han f\u00f6rst\u00e5r hur hon t\u00e4nker.<\/p>\n<p>\u2013 Jag tror inte att n\u00e5gon tycker det har varit en rolig situation. Det har varit tuffa \u00e5r, \u00e4ven under de \u00e5r jag var med. Det har jag och andra en stor del i. Nu har vi en tanke, en ambition och en vilja att g\u00f6ra det b\u00e4ttre h\u00e4rifr\u00e5n och fram\u00e5t. Det \u00e4r det vi fokuserar p\u00e5. Vi beh\u00f6ver stabilisera oss p\u00e5 den niv\u00e5n d\u00e4r vi har ekonomisk kostym som vi ryms i. Vi beh\u00f6ver g\u00f6ra ett bra \u00e5r och ett bra till.<\/p>\n<p>Annons<\/p>\n<p><strong>Hur mycket ansvar k\u00e4nner du f\u00f6r att damverksamheten f\u00f6rsvann?<\/strong><\/p>\n<p>\u2013 De \u00e4r lite snett p\u00e5 vissa h\u00e5ll att det \u00e4r jag enkom som har gjort allt p\u00e5 alla positioner f\u00f6r s\u00e5 har det inte varit. Men jag har haft en operativ roll med \u00f6vergripande ansvar f\u00f6r det utfall som det blir.\u00a0<\/p>\n<p>Han utvecklar:<\/p>\n<p>\u2013 Vi hade \u00e5r d\u00e4r vi successivt skalade ner verksamheten och f\u00f6ruts\u00e4ttningarna blev s\u00e4mre b\u00e5de f\u00f6r herr och f\u00f6r dam. I en tr\u00e4ngd situation beh\u00f6ver man l\u00e4gga mer resurser p\u00e5 det som kan ge int\u00e4kter och det har varit tufft p\u00e5 damsidan. Men det finns m\u00e5nga delar i det d\u00e4r. Det finns s\u00e4kert befogad kritik att l\u00e4gga fram och vill man klistra den huvudsakligen p\u00e5 mig kan jag leva med det. Jag k\u00f6per det inte fullt ut men jag kan f\u00f6rst\u00e5 upplevelsen. Det \u00e4r tr\u00e5kigt att resultatet blev som det blev. Det h\u00e4r \u00e4r st\u00f6rre \u00e4n bara IBF Falun-problematik. M\u00e5nga f\u00f6reningar har tuffa ekonomiska utmaningar.<\/p>\n<p>Efter fjol\u00e5rss\u00e4songen drog sig inte bara Faluns damer ur SSL. P\u00e5 herrsidan tackade Thorengruppen f\u00f6r sig och \u00e4ven degraderade Helsingborg valde att ge upp sin plats i denna s\u00e4songs allsvenska.<\/p>\n<p><strong>L\u00c4S MER: <\/strong><a href=\"https:\/\/www.expressen.se\/sport\/innebandy\/falun-spelar-sina-matcher-1707-har-ar-forklaringen\/\" class=\"\" rel=\"nofollow noopener\" target=\"_blank\">F\u00f6rsta \u00e4ndringen: Spelar matcher 17.07<\/a><strong>L\u00c4S MER: <\/strong><a href=\"https:\/\/www.expressen.se\/sport\/innebandy\/stora-tabelltipset-sa-slutar-ssl-dam-202526\/\" class=\"premium-link\" rel=\"nofollow noopener\" target=\"_blank\">Premium Stora tabelltipset \u2013 s\u00e5 slutar SSL 2025\/26<\/a><img loading=\"lazy\"   alt=\"\"\/>\u00d6ppna bild i helsk\u00e4rm<\/p>\n","protected":false},"excerpt":{"rendered":"Ebba Bognesand, mitten, har flyttat fr\u00e5n bottenlaget Falun till topplaget Pixbo. Foto: PER WIKLUND \/ BILDBYR\u00c5N \u00d6ppna bild&hellip;\n","protected":false},"author":2,"featured_media":34427,"comment_status":"","ping_status":"","sticky":false,"template":"","format":"standard","meta":{"footnotes":""},"categories":[68],"tags":[3683,3620,726,34,725,111,110,31,33,32,30],"class_list":{"0":"post-34426","1":"post","2":"type-post","3":"status-publish","4":"format-standard","5":"has-post-thumbnail","7":"category-sport","8":"tag-organization-ibf-falun","9":"tag-organization-pixbo","10":"tag-organization-ssl","11":"tag-se","12":"tag-sections-innebandy","13":"tag-sport","14":"tag-sports","15":"tag-svenska","16":"tag-sverige","17":"tag-sweden","18":"tag-swedish"},"share_on_mastodon":{"url":"","error":""},"_links":{"self":[{"href":"https:\/\/www.europesays.com\/se\/wp-json\/wp\/v2\/posts\/34426","targetHints":{"allow":["GET"]}}],"collection":[{"href":"https:\/\/www.europesays.com\/se\/wp-json\/wp\/v2\/posts"}],"about":[{"href":"https:\/\/www.europesays.com\/se\/wp-json\/wp\/v2\/types\/post"}],"author":[{"embeddable":true,"href":"https:\/\/www.europesays.com\/se\/wp-json\/wp\/v2\/users\/2"}],"replies":[{"embeddable":true,"href":"https:\/\/www.europesays.com\/se\/wp-json\/wp\/v2\/comments?post=34426"}],"version-history":[{"count":0,"href":"https:\/\/www.europesays.com\/se\/wp-json\/wp\/v2\/posts\/34426\/revisions"}],"wp:featuredmedia":[{"embeddable":true,"href":"https:\/\/www.europesays.com\/se\/wp-json\/wp\/v2\/media\/34427"}],"wp:attachment":[{"href":"https:\/\/www.europesays.com\/se\/wp-json\/wp\/v2\/media?parent=34426"}],"wp:term":[{"taxonomy":"category","embeddable":true,"href":"https:\/\/www.europesays.com\/se\/wp-json\/wp\/v2\/categories?post=34426"},{"taxonomy":"post_tag","embeddable":true,"href":"https:\/\/www.europesays.com\/se\/wp-json\/wp\/v2\/tags?post=34426"}],"curies":[{"name":"wp","href":"https:\/\/api.w.org\/{rel}","templated":true}]}}