{"id":344529,"date":"2026-08-19T09:39:19","date_gmt":"2026-08-19T09:39:19","guid":{"rendered":"https:\/\/www.europesays.com\/se\/344529\/"},"modified":"2026-08-19T09:39:19","modified_gmt":"2026-08-19T09:39:19","slug":"ledare-kulturkriget-utbytt-mot-planboksfragor","status":"publish","type":"post","link":"https:\/\/www.europesays.com\/se\/344529\/","title":{"rendered":"Ledare: Kulturkriget utbytt mot pl\u00e5nboksfr\u00e5gor"},"content":{"rendered":"<p>Pengarna i v\u00e4ljarnas pl\u00e5nb\u00f6cker \u00e4r den r\u00f6da tr\u00e5den p\u00e5 onsdagens ledarsidor. Sydsvenskans ledarredaktion skriver att f\u00f6rra valr\u00f6relsens kulturkrig mellan ytterkantspartierna bytts ut mot en valr\u00f6relse d\u00e4r mittenpartierna diskuterar vardagsekonomi.<\/p>\n<p>\u201dOch att v\u00e4lja konstruktiva l\u00f6sningar framf\u00f6r pajkastning \u00e4r inte bara r\u00e4tt v\u00e4g f\u00f6r v\u00e4ljarna, det \u00e4r ocks\u00e5 r\u00e4ddningen f\u00f6r lagom i svensk politik.\u201d<\/p>\n<p>Frida Dunell p\u00e5 Aftonbladets ledarsida skriver om att Moderaterna h\u00e4vdar att de har gett en vanlig barnfamilj 5\u202f000 mer i pl\u00e5nboken. Hon menar att den siffran bygger p\u00e5 en gl\u00e4djekalkyl.  <\/p>\n<p>\u201dTid\u00f6regeringen har i sj\u00e4lva verket fattat en rad f\u00f6r\u00f6dande beslut f\u00f6r redan fattiga hush\u00e5ll.\u201d <\/p>\n<p>\u00c4ven Expressens ledarredaktion skriver om \u00e4mnet, mer specifikt ger de tips p\u00e5 hur man f\u00e5r billigare mat: R\u00f6sta p\u00e5 lokala partier som \u00e4r villiga att ge bygglov till l\u00e5gpriskedjorna. <\/p>\n<p>\u201dSe till att r\u00f6sta bort politiker som drar byggandet i l\u00e5ngb\u00e4nk\u201d, skriver de. <\/p>\n<p>Omnis ledarsvep utg\u00e5r fr\u00e5n de st\u00f6rsta ledarsidorna i Sverige. Urvalet varierar dagligen. <\/p>\n<p>Omni \u00e4r politiskt obundna och oberoende. Vi str\u00e4var efter att ge fler perspektiv p\u00e5 nyheterna. Har du fr\u00e5gor eller synpunkter kring v\u00e5r rapportering? <a href=\"https:\/\/omni.se\/ledare-kulturkriget-utbytt-mot-planboksfragor\/a\/mailto:redaktion@omni.se\" class=\"ArticleActions-module-scss-module__w9u9BG__contactLink\" rel=\"nofollow noopener\" target=\"_blank\">Kontakta redaktionen<\/a><\/p>\n","protected":false},"excerpt":{"rendered":"Pengarna i v\u00e4ljarnas pl\u00e5nb\u00f6cker \u00e4r den r\u00f6da tr\u00e5den p\u00e5 onsdagens ledarsidor. Sydsvenskans ledarredaktion skriver att f\u00f6rra valr\u00f6relsens kulturkrig&hellip;\n","protected":false},"author":2,"featured_media":344530,"comment_status":"","ping_status":"","sticky":false,"template":"","format":"standard","meta":{"footnotes":"","_share_on_mastodon":"0"},"categories":[5],"tags":[22,23,26,27,17,21,24,25,511,28,29,551,15,16,18,34,31,33,32,30,19,20],"class_list":["post-344529","post","type-post","status-publish","format-standard","has-post-thumbnail","category-rubriker","tag-breaking-news","tag-breakingnews","tag-featured-news","tag-featurednews","tag-headlines","tag-huvudnyheter","tag-latest-news","tag-latestnews","tag-ledare","tag-main-news","tag-mainnews","tag-moderaterna","tag-news","tag-nyheter","tag-rubriker","tag-se","tag-svenska","tag-sverige","tag-sweden","tag-swedish","tag-top-stories","tag-topstories"],"share_on_mastodon":{"url":"https:\/\/pubeurope.com\/@se\/117121513198572565","error":""},"_links":{"self":[{"href":"https:\/\/www.europesays.com\/se\/wp-json\/wp\/v2\/posts\/344529","targetHints":{"allow":["GET"]}}],"collection":[{"href":"https:\/\/www.europesays.com\/se\/wp-json\/wp\/v2\/posts"}],"about":[{"href":"https:\/\/www.europesays.com\/se\/wp-json\/wp\/v2\/types\/post"}],"author":[{"embeddable":true,"href":"https:\/\/www.europesays.com\/se\/wp-json\/wp\/v2\/users\/2"}],"replies":[{"embeddable":true,"href":"https:\/\/www.europesays.com\/se\/wp-json\/wp\/v2\/comments?post=344529"}],"version-history":[{"count":0,"href":"https:\/\/www.europesays.com\/se\/wp-json\/wp\/v2\/posts\/344529\/revisions"}],"wp:featuredmedia":[{"embeddable":true,"href":"https:\/\/www.europesays.com\/se\/wp-json\/wp\/v2\/media\/344530"}],"wp:attachment":[{"href":"https:\/\/www.europesays.com\/se\/wp-json\/wp\/v2\/media?parent=344529"}],"wp:term":[{"taxonomy":"category","embeddable":true,"href":"https:\/\/www.europesays.com\/se\/wp-json\/wp\/v2\/categories?post=344529"},{"taxonomy":"post_tag","embeddable":true,"href":"https:\/\/www.europesays.com\/se\/wp-json\/wp\/v2\/tags?post=344529"}],"curies":[{"name":"wp","href":"https:\/\/api.w.org\/{rel}","templated":true}]}}