{"id":34465,"date":"2025-09-19T14:53:02","date_gmt":"2025-09-19T14:53:02","guid":{"rendered":"https:\/\/www.europesays.com\/se\/34465\/"},"modified":"2025-09-19T14:53:02","modified_gmt":"2025-09-19T14:53:02","slug":"langsamt-pa-vag-mot-normal-tagtrafik-jarnvagar-nu","status":"publish","type":"post","link":"https:\/\/www.europesays.com\/se\/34465\/","title":{"rendered":"L\u00e5ngsamt p\u00e5 v\u00e4g mot normal t\u00e5gtrafik &#8211; J\u00e4rnv\u00e4gar.nu"},"content":{"rendered":"<ol>\n<li><a href=\"https:\/\/news.google.com\/rss\/articles\/CBMiakFVX3lxTE9oSE5JcEdBSHVfWmFveWZkMTRLZTh6QU9ZSVRhVXVRQ3ZUQ2tfOFUxMjBBQVpmdnFHeHNXNVJtc1ZvXzFSOXp6LW9DSmFpNmJ3Q3dtR0FtR0s2NndSckQwSnJENEJSRjhtNFE?oc=5\" target=\"_blank\" rel=\"nofollow noopener\">L\u00e5ngsamt p\u00e5 v\u00e4g mot normal t\u00e5gtrafik<\/a>&nbsp;&nbsp;J\u00e4rnv\u00e4gar.nu<\/li>\n<li><a href=\"https:\/\/news.google.com\/rss\/articles\/CBMioAFBVV95cUxQNVoxZW5famRIUk9DZXM0dUlfd1BNN29PTEZLYkhXY2pLX19EclB4VnUwMHRQQ2cyMEZSR0ZCZnN1V3NoQmRaaVFmOEtvVk8tclhDcklPNlA5YUVlSFZkSmptTFBtQTJJTklHN3d1UVIzS0hWYUptSzU5UHZ1d2dseEl0N0l4ZnFXTkF6SHVzQVVpRWFPVDh2eU1ZaEszdU5z?oc=5\" target=\"_blank\" rel=\"nofollow noopener\">V\u00e4rml\u00e4ndskt diesellok redo att hj\u00e4lpa till i krisomr\u00e5det<\/a>&nbsp;&nbsp;SVT Nyheter<\/li>\n<li><a href=\"https:\/\/news.google.com\/rss\/articles\/CBMiygFBVV95cUxQVmZDN01KU3VjWEtXOUtadkNVTWtLVHRCYlRoVk9CWnMyeE83WmczNkJiWF8tTjJMUFdYTFFqbkFiVkZ3XzU5c3dpT0dKcG4yV01Rck9Cb29kZnpuM0ppeGdPYzR6S3FiQUYzc211M0MwaVNDcjB4M0tmWk1ac1E4QmlDTTZ2eGZBLXpSRDFQZGJTNUVRaHowUVhXZnVFcVFfTGxHWVJ2eF9PMldIVV9La2tBMnhPX0d2cnFHYkY1NWZFeUx0Qk1lSWdB?oc=5\" target=\"_blank\" rel=\"nofollow noopener\">Samarbete f\u00f6r s\u00e4kra j\u00e4rnv\u00e4gar och v\u00e4gar i ett f\u00f6r\u00e4ndrat klimat<\/a>&nbsp;&nbsp;Via TT<\/li>\n<li><a href=\"https:\/\/news.google.com\/rss\/articles\/CBMimAFBVV95cUxOYTBaOU0wWkxUb1d2a0JpdnF0WUxWbTJaSExIcmNpWWxCNk1lS0pxdk1TUFRRQnVUa1ZXdHRKTWkwNndXQUZNMlJRbGZ4OFZoOGpQck5ySGdHcGZUVFJjVXAwWWdabmZWTGxySEZyREhZWlNBUEtaRTE5X25CQnotbF9RcWVFRlk3bXJfMEdOellUNXM0SktINg?oc=5\" target=\"_blank\" rel=\"nofollow noopener\">\u00c5teruppbyggnaden efter regnkaoset besv\u00e4rligare \u00e4n v\u00e4ntat<\/a>&nbsp;&nbsp;Sveriges Radio<\/li>\n<li><a href=\"https:\/\/news.google.com\/rss\/articles\/CBMiigFBVV95cUxPczdxLTNjMy1XQ21tTS1lRld1RlQyQ043Q2cwY0JIOEh2MFlVWDZjZWhsN1JEb0w0elRpa1hxLWxra0Q1Tm50OGtLN1loNHRWUl9jMkNBUXhsVjNBaUh1X2VLTndTSFJhNlppZ2I3ZVIyQ3plZE1xNVd2SlVuUE5yblBDX210RHdLUFE?oc=5\" target=\"_blank\" rel=\"nofollow noopener\">Efter ursp\u00e5rning: Stambanan \u00f6ppnas 6 oktober<\/a>&nbsp;&nbsp;Aftonbladet<\/li>\n<\/ol>\n","protected":false},"excerpt":{"rendered":"L\u00e5ngsamt p\u00e5 v\u00e4g mot normal t\u00e5gtrafik&nbsp;&nbsp;J\u00e4rnv\u00e4gar.nu V\u00e4rml\u00e4ndskt diesellok redo att hj\u00e4lpa till i krisomr\u00e5det&nbsp;&nbsp;SVT Nyheter Samarbete f\u00f6r s\u00e4kra&hellip;\n","protected":false},"author":2,"featured_media":33062,"comment_status":"","ping_status":"","sticky":false,"template":"","format":"standard","meta":{"footnotes":""},"categories":[12],"tags":[22,23,26,27,3284,17,21,367,24,25,28,29,15,16,18,34,31,33,32,30,19,20],"class_list":{"0":"post-34465","1":"post","2":"type-post","3":"status-publish","4":"format-standard","5":"has-post-thumbnail","7":"category-sverige","8":"tag-breaking-news","9":"tag-breakingnews","10":"tag-featured-news","11":"tag-featurednews","12":"tag-godstrafik","13":"tag-headlines","14":"tag-huvudnyheter","15":"tag-infrastruktur","16":"tag-latest-news","17":"tag-latestnews","18":"tag-main-news","19":"tag-mainnews","20":"tag-news","21":"tag-nyheter","22":"tag-rubriker","23":"tag-se","24":"tag-svenska","25":"tag-sverige","26":"tag-sweden","27":"tag-swedish","28":"tag-top-stories","29":"tag-topstories"},"share_on_mastodon":{"url":"","error":""},"_links":{"self":[{"href":"https:\/\/www.europesays.com\/se\/wp-json\/wp\/v2\/posts\/34465","targetHints":{"allow":["GET"]}}],"collection":[{"href":"https:\/\/www.europesays.com\/se\/wp-json\/wp\/v2\/posts"}],"about":[{"href":"https:\/\/www.europesays.com\/se\/wp-json\/wp\/v2\/types\/post"}],"author":[{"embeddable":true,"href":"https:\/\/www.europesays.com\/se\/wp-json\/wp\/v2\/users\/2"}],"replies":[{"embeddable":true,"href":"https:\/\/www.europesays.com\/se\/wp-json\/wp\/v2\/comments?post=34465"}],"version-history":[{"count":0,"href":"https:\/\/www.europesays.com\/se\/wp-json\/wp\/v2\/posts\/34465\/revisions"}],"wp:featuredmedia":[{"embeddable":true,"href":"https:\/\/www.europesays.com\/se\/wp-json\/wp\/v2\/media\/33062"}],"wp:attachment":[{"href":"https:\/\/www.europesays.com\/se\/wp-json\/wp\/v2\/media?parent=34465"}],"wp:term":[{"taxonomy":"category","embeddable":true,"href":"https:\/\/www.europesays.com\/se\/wp-json\/wp\/v2\/categories?post=34465"},{"taxonomy":"post_tag","embeddable":true,"href":"https:\/\/www.europesays.com\/se\/wp-json\/wp\/v2\/tags?post=34465"}],"curies":[{"name":"wp","href":"https:\/\/api.w.org\/{rel}","templated":true}]}}