{"id":345969,"date":"2026-08-20T10:04:13","date_gmt":"2026-08-20T10:04:13","guid":{"rendered":"https:\/\/www.europesays.com\/se\/345969\/"},"modified":"2026-08-20T10:04:13","modified_gmt":"2026-08-20T10:04:13","slug":"hamas-sager-en-sak-om-avrustning-men-gor-nagot-annat-i-verkligheten","status":"publish","type":"post","link":"https:\/\/www.europesays.com\/se\/345969\/","title":{"rendered":"Hamas s\u00e4ger en sak om avrustning, men g\u00f6r n\u00e5got annat i verkligheten"},"content":{"rendered":"<p><strong>Joe Truzman beskriver i en <a href=\"https:\/\/honestreporting.com\/hamas-says-it-will-disarm-its-actions-tell-another-story\/\" rel=\"nofollow noopener\" target=\"_blank\">artikel f\u00f6r Honest Reporting<\/a> hur Hamas visserligen s\u00e4ger r\u00e4tt saker under de p\u00e5g\u00e5ende f\u00f6rhandlingarna, men att deras agerande skapar misstro.<\/strong><\/p>\n<p>N\u00e4r Hamas ledning i s\u00f6ndags m\u00f6tte Trumps s\u00e4ndebud Jared Kushner i Egypten, sa man exakt det Washington ville h\u00f6ra: att organisationen \u00e4r redo att avrustas. Men sedan eldupph\u00f6ret tr\u00e4dde i kraft den 10 oktober 2025 har Hamas agerande g\u00e5tt i motsatt riktning \u2013 mot att tv\u00e4rtom bevara de v\u00e4pnade styrkorna, sin s\u00e4kerhetsapparat och sitt politiska inflytande.<\/p>\n<p>Det amerikanska s\u00e4ndebudet Kushner pressade Hamas att ta konkreta steg, och gjorde klart att Israel inte litar p\u00e5 organisationen. Efter\u00e5t ber\u00e4ttade han att Hamas visserligen sagt \u201dallt r\u00e4tt\u201d men att det \u00e4r \u201dmycket sv\u00e5rt att lita p\u00e5\u201d gruppen.<\/p>\n<p>Arbetet med att avl\u00e4gsna en del av vapnen kan p\u00e5b\u00f6rjas inom 30 dagar, medan arbetet med tunnlarna kan inledas inom 60\u201390 dagar. Trumps fredsplan kr\u00e4ver att Hamas och andra v\u00e4pnade grupper l\u00e4mnar ifr\u00e5n sig sina vapen enligt principen \u201den myndighet, en lag, ett vapen\u201d. Den 30 juli meddelade Trump att en \u201dhistorisk \u00f6verenskommelse\u201d tr\u00e4ffats om detta, men den \u00e4r fortfarande prelimin\u00e4r.<\/p>\n<p><strong>Hamas egna ord tidigare ger sk\u00e4l till skepsis<\/strong>: I april avvisade talespersonen Abu Obeida varje krav p\u00e5 avrustning \u2013 \u201dunder inga omst\u00e4ndigheter\u201d. Samtidigt st\u00e4rkte Hamas i februari sitt grepp om Gaza genom att utse egna distriktsguvern\u00f6rer och byta ut ledningen f\u00f6r skatte- och s\u00e4kerhetsmyndigheterna.<\/p>\n<p><strong>M\u00f6nstret upprepas milit\u00e4rt p\u00e5 marken<\/strong>: fyra israeliska f\u00f6rsvarsk\u00e4llor uppgav i maj f\u00f6r Reuters att Hamas under eldupph\u00f6ret byggt upp sina styrkor och tillverkat vapen \u2013 uppgifter som direkt mots\u00e4ger l\u00f6ftena om demilitarisering. Att Hamas i juli meddelade att man uppl\u00f6ser sin regering till f\u00f6rm\u00e5n f\u00f6r palestinska teknokrater inneb\u00e4r inte att man sl\u00e4pper de n\u00e4tverk och styrkor som ger makt p\u00e5 marken \u2013 och fullst\u00e4ndig avrustning skulle f\u00f6r Hamas motsvara organisatoriskt sj\u00e4lvmord, eftersom vapnen \u00e4ven h\u00e5ller palestinska rivaler i schack.<\/p>\n<p>Samtidigt har Israeliska KAN News \u00e5tergett uppgifter om att ett land i regionen skall ha r\u00e5tt ett annat att sluta avtal med Israel i syfte att \u201ds\u00f6va\u201d landet inf\u00f6r en framtida konfrontation. Detta har v\u00e4ckt paralleller till hur Yahya Sinwar signalerade lugn f\u00f6re den 7 oktober f\u00f6r att invagga Israel i falsk s\u00e4kerhet.<\/p>\n<p><strong>Den centrala kn\u00e4ckfr\u00e5gan<\/strong> \u2013 avrustning f\u00f6re, eller parallellt med, israeliskt tillbakadragande \u2013 \u00e4r fortsatt ol\u00f6st; parterna enades bara om en arbetsgrupp. S\u00e5 l\u00e4nge vapnen finns kvar och Hamas forts\u00e4tter bygga upp sin milit\u00e4ra f\u00f6rm\u00e5ga \u00e4r det handlingarna, inte l\u00f6ftena till amerikanska f\u00f6rhandlare, som ger svaret.<\/p>\n<p>_<br \/>L\u00e4s hela Joe Truzmans analys \u201d<a href=\"https:\/\/honestreporting.com\/hamas-says-it-will-disarm-its-actions-tell-another-story\/\" rel=\"nofollow noopener\" target=\"_blank\">Hamas Says It Will Disarm. Its Actions Tell Another Story<\/a>.\u201d (18\/8) hos HonestReporting.<\/p>\n","protected":false},"excerpt":{"rendered":"Joe Truzman beskriver i en artikel f\u00f6r Honest Reporting hur Hamas visserligen s\u00e4ger r\u00e4tt saker under de p\u00e5g\u00e5ende&hellip;\n","protected":false},"author":2,"featured_media":345970,"comment_status":"","ping_status":"","sticky":false,"template":"","format":"standard","meta":{"footnotes":"","_share_on_mastodon":"0"},"categories":[14],"tags":[22,23,26,27,863,122,17,21,24,25,28,29,15,16,18,34,31,33,32,30,19,20,51,52,53,54],"class_list":["post-345969","post","type-post","status-publish","format-standard","has-post-thumbnail","category-varlden","tag-breaking-news","tag-breakingnews","tag-featured-news","tag-featurednews","tag-gazakriget","tag-hamas","tag-headlines","tag-huvudnyheter","tag-latest-news","tag-latestnews","tag-main-news","tag-mainnews","tag-news","tag-nyheter","tag-rubriker","tag-se","tag-svenska","tag-sverige","tag-sweden","tag-swedish","tag-top-stories","tag-topstories","tag-varlden","tag-world","tag-world-news","tag-worldnews"],"share_on_mastodon":{"url":"https:\/\/pubeurope.com\/@se\/117127273959079894","error":""},"_links":{"self":[{"href":"https:\/\/www.europesays.com\/se\/wp-json\/wp\/v2\/posts\/345969","targetHints":{"allow":["GET"]}}],"collection":[{"href":"https:\/\/www.europesays.com\/se\/wp-json\/wp\/v2\/posts"}],"about":[{"href":"https:\/\/www.europesays.com\/se\/wp-json\/wp\/v2\/types\/post"}],"author":[{"embeddable":true,"href":"https:\/\/www.europesays.com\/se\/wp-json\/wp\/v2\/users\/2"}],"replies":[{"embeddable":true,"href":"https:\/\/www.europesays.com\/se\/wp-json\/wp\/v2\/comments?post=345969"}],"version-history":[{"count":0,"href":"https:\/\/www.europesays.com\/se\/wp-json\/wp\/v2\/posts\/345969\/revisions"}],"wp:featuredmedia":[{"embeddable":true,"href":"https:\/\/www.europesays.com\/se\/wp-json\/wp\/v2\/media\/345970"}],"wp:attachment":[{"href":"https:\/\/www.europesays.com\/se\/wp-json\/wp\/v2\/media?parent=345969"}],"wp:term":[{"taxonomy":"category","embeddable":true,"href":"https:\/\/www.europesays.com\/se\/wp-json\/wp\/v2\/categories?post=345969"},{"taxonomy":"post_tag","embeddable":true,"href":"https:\/\/www.europesays.com\/se\/wp-json\/wp\/v2\/tags?post=345969"}],"curies":[{"name":"wp","href":"https:\/\/api.w.org\/{rel}","templated":true}]}}