{"id":34607,"date":"2025-09-19T17:48:09","date_gmt":"2025-09-19T17:48:09","guid":{"rendered":"https:\/\/www.europesays.com\/se\/34607\/"},"modified":"2025-09-19T17:48:09","modified_gmt":"2025-09-19T17:48:09","slug":"fns-rapport-om-folkmord-i-gaza-ar-full-av-fel","status":"publish","type":"post","link":"https:\/\/www.europesays.com\/se\/34607\/","title":{"rendered":"FN:s rapport om &#8221;folkmord&#8221; i Gaza \u00e4r full av fel"},"content":{"rendered":"<p><strong>Id\u00e9n att befolkningen som upplever det p\u00e5st\u00e5dda folkmordet har makt att stoppa det, men v\u00e4grar g\u00f6ra det, \u00e4r utan motstycke i historien om faktiska folkmord, skriver Salo Aizenberg.<\/strong><\/p>\n<p>Tisdagen den 16 september lade Pillay-kommissionen fram sin rapport f\u00f6r FN:s r\u00e5d f\u00f6r m\u00e4nskliga r\u00e4ttigheter. Detta \u00e4r ett best\u00e4llningsverk fr\u00e5n ett r\u00e5d som antagit fler f\u00f6rd\u00f6mande resolutioner mot Israel \u00e4n mot alla andra l\u00e4nder i v\u00e4rlden tillsammans. Majoriteten i r\u00e5det utg\u00f6rs av auktorit\u00e4ra stater som beg\u00e5r massiva brott mot de m\u00e4nskliga r\u00e4ttigheterna utan att n\u00e5gra kommissioner inr\u00e4ttas.<\/p>\n<p>Sveriges utrikesminister Maria Malmer Stenergard har \u00e4ven denna g\u00e5ng <a href=\"https:\/\/www.aftonbladet.se\/nyheter\/a\/Rr77qd\/aftonbladet-direkt?pinnedEntry=1402641\" rel=\"nofollow noopener\" target=\"_blank\">kommenterat folkmordsanklagelserna<\/a> med att begreppet folkmord \u00e4r en juridisk term med ett tydligt definierat inneh\u00e5ll: \u201dD\u00e4rf\u00f6r har svenska regeringar haft som princip att inte r\u00e4ttsligt kategorisera h\u00e4ndelser som folkmord med mindre \u00e4n att en internationell domstol eller tribunal f\u00f6rst har pr\u00f6vat fr\u00e5gan\u201d.<\/p>\n<p>Svenska medier har inte gjort samma viktiga distinktion, \u00e4n mindre \u00e5tergett n\u00e5gon djupg\u00e5ende kritik av rapporten.<\/p>\n<p><strong>Fel och brister i Pillay-kommissionens rapport<\/strong><\/p>\n<p>Det finns allts\u00e5 ingen anledning att ta rapporten p\u00e5 allvar. <a href=\"https:\/\/unwatch.org\/un-watch-rebuttal-legal-analysis-of-pillay-commissions-september-2025-report-to-human-rights-council\/\" rel=\"nofollow noopener\" target=\"_blank\">Salo Aizenberg p\u00e5 UN Watch<\/a> har sammanfattat fel och brister s\u00e5 h\u00e4r:<\/p>\n<p><strong>1. Saknar bevis f\u00f6r dolus specialis<\/strong>: Den specifika avsikten att f\u00f6rinta en skyddad grupp \u00e4r det centrala och mycket h\u00f6ga beviskravet i varje folkmords\u00e4rende. Kommissionens p\u00e5st\u00e5ende om folkmordsavsikt faller redan p\u00e5 denna tr\u00f6skel. Pillay-kommissionen bygger p\u00e5 uttalanden f\u00f6rvr\u00e4ngda till oigenk\u00e4nnlighet, selektiva citat och antaganden snarare \u00e4n entydiga bevis.<\/p>\n<p><strong>2. Vitv\u00e4tt av Hamas som en krigf\u00f6rande part<\/strong>: Rapporten erk\u00e4nner aldrig att IDF \u00e4r engagerade i strid mot en uppskattad 30 000 man stark Hamasstyrka i Gaza, samt tusentals stridande fr\u00e5n andra militanta grupper. En l\u00e4sare skulle f\u00e5 intrycket att den krigf\u00f6ring som IDF bedriver \u00e4r riktad enbart mot kvinnor och barn, med Hamas utraderat ur ber\u00e4ttelsen. Kommissionen g\u00f6r inget f\u00f6rs\u00f6k att analysera sj\u00e4lva kriget, eftersom det, i dess alternativa version av verkligheten, inte existerar.<\/p>\n<p><strong>3. Tystnad om Hamas milit\u00e4ra infrastruktur<\/strong>: Det finns ingen redog\u00f6relse f\u00f6r Hamas 17 \u00e5r l\u00e5nga milit\u00e4ra uppbyggnad i Gaza, inklusive det enorma tunnelsystemet, byggnader utrustade med f\u00e4llor och massiva ansamling av vapen. Genom att ignorera denna verklighet avl\u00e4gsnar rapporten konflikten fr\u00e5n dess milit\u00e4ra kontext och omtolkar lagliga milit\u00e4ra m\u00e5l som bevis p\u00e5 folkmord.<\/p>\n<p><strong>4. Ignorerar Hamas anv\u00e4ndning av civil infrastruktur<\/strong>: Kommissionen ignorerar Hamas \u00f6ppet erk\u00e4nda strategi att anv\u00e4nda civila som m\u00e4nskliga sk\u00f6ldar, inklusive anv\u00e4ndningen av mosk\u00e9er, skolor, bostadshus och sjukhus f\u00f6r att d\u00f6lja tunnlar och vapen. Ist\u00e4llet framst\u00e4lls skador p\u00e5 dessa platser konsekvent som avsiktliga attacker mot civila fr\u00e5n Israels sida.<\/p>\n<p><strong>5. Gisslandramat f\u00f6rbig\u00e5s<\/strong>: Rapporten utel\u00e4mnar faktumet att Hamas tog israeliska gisslan och forts\u00e4tter att h\u00e5lla dem, sv\u00e4lta dem och v\u00e5ldta dem. Denna utel\u00e4mning \u00e4r i linje med den bredare raderingen av Hamas som en aktiv akt\u00f6r i Gaza, och tar bort viktig kontext fr\u00e5n kommissionens ber\u00e4ttelse.<\/p>\n<p><strong>6. Okritiskt beroende av Hamas siffror<\/strong>: Trots Hamas l\u00e5nga historia av att \u00f6verdriva civila d\u00f6dssiffror och deras status som en terroristorganisation utsedd av USA och EU, behandlas siffrorna som fakta, medan IDF:s data om d\u00f6dade stridande ignoreras.<\/p>\n<p><strong>7. Civila d\u00f6dsfall f\u00f6rvr\u00e4ngda till bevis p\u00e5 folkmord<\/strong>: Rapporten presenterar civila f\u00f6rluster som prima facie-bevis f\u00f6r folkmordsavsikt snarare \u00e4n som tragiska och oundvikliga konsekvenser av strid i bebyggelse, f\u00f6rv\u00e4rrade av Hamas anv\u00e4ndning av civila som m\u00e4nskliga sk\u00f6ldar. Rapporten citerar en rad h\u00e4ndelser d\u00e4r civila d\u00f6dades som om de vore avsiktliga och riktade handlingar fr\u00e5n Israel utan bevis.<\/p>\n<p><strong>8. Normala konsekvenser av krig behandlade som brott<\/strong>: Vanliga och f\u00f6rv\u00e4ntade f\u00f6ljder f\u00f6r civila under krigstid, s\u00e5som psykisk oh\u00e4lsa, sv\u00e5righeter att f\u00e5 tillg\u00e5ng till medicinsk v\u00e5rd och evakueringar av bost\u00e4der, framst\u00e4lls som bevis p\u00e5 folkmord snarare \u00e4n oundvikliga f\u00f6ljder av en urban konflikt.<\/p>\n<p><strong>9. F\u00f6rst\u00f6relse av bostadsomr\u00e5den framst\u00e4lls som utrotning<\/strong>: Storskaliga skador \u00e5beropas som bevis p\u00e5 folkmord, och ignorerar att milit\u00e4ra strider i bostadsomr\u00e5den skapar omfattande f\u00f6rst\u00f6relse, s\u00e4rskilt n\u00e4r milit\u00e4ra styrkor har g\u00f6mt sig i civila omr\u00e5den.<\/p>\n<p>Kommissionen ignorerar ocks\u00e5 det uppenbara: Lidandet f\u00f6r Gazas befolkning skulle kunna ha minskat avsev\u00e4rt eller till och med upph\u00f6rt om Hamas sl\u00e4ppt alla gisslan och \u00f6verl\u00e4mnat kontrollen \u00f6ver Gaza. Id\u00e9n att den befolkning som upplever det p\u00e5st\u00e5dda folkmordet har makt att stoppa det, men v\u00e4grar att g\u00f6ra det, \u00e4r utan motstycke i historien om faktiska folkmord och blottl\u00e4gger en medveten blind fl\u00e4ck i rapporten. Denna utel\u00e4mning speglar kommissionens bredare utradering av Hamas som en aktiv part i konflikten \u2014 en grupp med handlingsf\u00f6rm\u00e5ga och ansvar \u2014 och ger l\u00e4sarna det falska intrycket att allt lidande i Gaza enbart \u00e4r Israels ansvar.<\/p>\n<p>Rapporten \u00e4r full av faktiska fel och p\u00e5st\u00e5enden framf\u00f6rda utan trov\u00e4rdiga bevis. En fullst\u00e4ndig katalog \u00f6ver dessa fel och deras r\u00e4ttelser skulle vara l\u00e4ngre \u00e4n sj\u00e4lva rapporten. Denna motbevisning lyfter fram viktiga faktiska fel och betydande utel\u00e4mnanden som kommissionen lutar sig p\u00e5 f\u00f6r att st\u00f6dja sin tes om folkmord.<\/p>\n<p><a href=\"https:\/\/unwatch.org\/wp-content\/uploads\/2025\/09\/UN-Watch-Rebuttal-to-September-2025-Pillay-Commission-Report-to-UNHRC.pdf\" rel=\"nofollow noopener\" target=\"_blank\">L\u00e4s en grundlig (21-sidig) motbevisning av Pillay-kommissionens rapport (PDF)<\/a>.<\/p>\n<p>\/<strong><a href=\"https:\/\/miff.no\/norge-og-israel\/2025\/09\/17fns-rapport-om-folkemord-i-gaza-er-full-av-feil.htm\" rel=\"nofollow noopener\" target=\"_blank\">CM<\/a><\/strong><\/p>\n","protected":false},"excerpt":{"rendered":"Id\u00e9n att befolkningen som upplever det p\u00e5st\u00e5dda folkmordet har makt att stoppa det, men v\u00e4grar g\u00f6ra det, \u00e4r&hellip;\n","protected":false},"author":2,"featured_media":34608,"comment_status":"","ping_status":"","sticky":false,"template":"","format":"standard","meta":{"footnotes":""},"categories":[14],"tags":[22,23,26,27,2150,3702,3703,122,17,21,24,25,28,29,15,16,3704,18,3705,34,31,33,32,30,19,20,51,52,53,54],"class_list":{"0":"post-34607","1":"post","2":"type-post","3":"status-publish","4":"format-standard","5":"has-post-thumbnail","7":"category-varlden","8":"tag-breaking-news","9":"tag-breakingnews","10":"tag-featured-news","11":"tag-featurednews","12":"tag-fn","13":"tag-fns-rad-for-manskliga-rattigheter","14":"tag-folkmord","15":"tag-hamas","16":"tag-headlines","17":"tag-huvudnyheter","18":"tag-latest-news","19":"tag-latestnews","20":"tag-main-news","21":"tag-mainnews","22":"tag-news","23":"tag-nyheter","24":"tag-pillay-kommissionen","25":"tag-rubriker","26":"tag-salo-aizenberg","27":"tag-se","28":"tag-svenska","29":"tag-sverige","30":"tag-sweden","31":"tag-swedish","32":"tag-top-stories","33":"tag-topstories","34":"tag-varlden","35":"tag-world","36":"tag-world-news","37":"tag-worldnews"},"share_on_mastodon":{"url":"","error":""},"_links":{"self":[{"href":"https:\/\/www.europesays.com\/se\/wp-json\/wp\/v2\/posts\/34607","targetHints":{"allow":["GET"]}}],"collection":[{"href":"https:\/\/www.europesays.com\/se\/wp-json\/wp\/v2\/posts"}],"about":[{"href":"https:\/\/www.europesays.com\/se\/wp-json\/wp\/v2\/types\/post"}],"author":[{"embeddable":true,"href":"https:\/\/www.europesays.com\/se\/wp-json\/wp\/v2\/users\/2"}],"replies":[{"embeddable":true,"href":"https:\/\/www.europesays.com\/se\/wp-json\/wp\/v2\/comments?post=34607"}],"version-history":[{"count":0,"href":"https:\/\/www.europesays.com\/se\/wp-json\/wp\/v2\/posts\/34607\/revisions"}],"wp:featuredmedia":[{"embeddable":true,"href":"https:\/\/www.europesays.com\/se\/wp-json\/wp\/v2\/media\/34608"}],"wp:attachment":[{"href":"https:\/\/www.europesays.com\/se\/wp-json\/wp\/v2\/media?parent=34607"}],"wp:term":[{"taxonomy":"category","embeddable":true,"href":"https:\/\/www.europesays.com\/se\/wp-json\/wp\/v2\/categories?post=34607"},{"taxonomy":"post_tag","embeddable":true,"href":"https:\/\/www.europesays.com\/se\/wp-json\/wp\/v2\/tags?post=34607"}],"curies":[{"name":"wp","href":"https:\/\/api.w.org\/{rel}","templated":true}]}}