{"id":346275,"date":"2026-08-20T13:48:12","date_gmt":"2026-08-20T13:48:12","guid":{"rendered":"https:\/\/www.europesays.com\/se\/346275\/"},"modified":"2026-08-20T13:48:12","modified_gmt":"2026-08-20T13:48:12","slug":"alexander-skarsgard-jobbar-med-sheen-och-tillman","status":"publish","type":"post","link":"https:\/\/www.europesays.com\/se\/346275\/","title":{"rendered":"Alexander Skarsg\u00e5rd jobbar med Sheen och Tillman"},"content":{"rendered":"<p>Uppdaterad 20 aug 2026 kl 12.45Publicerad 20 aug 2026 kl 12.33<\/p>\n<p>Alexander Skarsg\u00e5rd g\u00f6r huvudrollen som sarkastisk m\u00f6rdarrobot \u00e4ven i den andra s\u00e4songen av tv-serien \u201dMurderbot\u201d p\u00e5 Apple Tv.\u00a0<\/p>\n<p>D\u00e4r introduceras nu en rad erfarna sk\u00e5despelare som inte medverkat tidigare.<\/p>\n<p>Senaste klippen fr\u00e5n Expressen inom n\u00f6je.<img   alt=\"\"\/><\/p>\n<p>Alexander Skarsg\u00e5rd g\u00f6r en ny s\u00e4song av \u201dMurderbot\u201d.<\/p>\n<p>Foto: Steve Wilkie \/ Steve Wilkie<\/p>\n<p>\u00d6ppna bild i helsk\u00e4rm<img loading=\"lazy\"   alt=\"\"\/><\/p>\n<p>Alexander Skarsg\u00e5rd p\u00e5 \u201dMurderbot\u201d-premi\u00e4ren 2025.<\/p>\n<p>Foto: CJ RIVERA \/ AP TT NYHETSBYR\u00c5N<\/p>\n<p>\u00d6ppna bild i helsk\u00e4rm<img loading=\"lazy\"   alt=\"\"\/><\/p>\n<p>Alexander Skarsg\u00e5rd.<\/p>\n<p>Foto: JORDAN STRAUSS \/ AP TT NYHETSBYR\u00c5N<\/p>\n<p>\u00d6ppna bild i helsk\u00e4rm<img loading=\"lazy\"   alt=\"\"\/> <\/p>\n<p>Foto: CRASH\/SHUTTERSTOCK \/ SHUTTERSTOCK EDITORIAL\/IBL<\/p>\n<p>\u00d6ppna bild i helsk\u00e4rm<\/p>\n<p>Skarsg\u00e5rd f\u00e5r s\u00e4llskap av sk\u00e5despelare som Steve Buscemi, Michael Sheen och Tramell Tillman, uppger <a href=\"https:\/\/www.darkhorizons.com\/tillman-buscemi-more-join-murderbot-s2\/\" rel=\"nofollow noopener\" target=\"_blank\">Dark Horizons.<\/a><\/p>\n<p>Serien \u00e4r baserad p\u00e5 romansviten \u201dThe Murderbot diaries\u201d och handlar om en robot som lyckas hacka sitt eget system och i hemlighet skaffar sig fri vilja. Samtidigt har han i uppdrag att skydda m\u00e4nniskor som nu v\u00e4cker hans motvilja.<\/p>\n<p><a href=\"https:\/\/www.expressen.se\/tagg\/person\/alexander-skarsgard\/\" class=\"\" rel=\"nofollow noopener\" target=\"_blank\">Alexander Skarsg\u00e5rd<\/a> \u00e4r \u00e4ven exekutiv producent.<\/p>\n<p>Serien hade premi\u00e4r v\u00e5ren 2025.<\/p>\n","protected":false},"excerpt":{"rendered":"Uppdaterad 20 aug 2026 kl 12.45Publicerad 20 aug 2026 kl 12.33 Alexander Skarsg\u00e5rd g\u00f6r huvudrollen som sarkastisk m\u00f6rdarrobot&hellip;\n","protected":false},"author":2,"featured_media":346276,"comment_status":"","ping_status":"","sticky":false,"template":"","format":"standard","meta":{"footnotes":"","_share_on_mastodon":"0"},"categories":[67],"tags":[13168,391,104,34,31,33,32,30,1594,956,105],"class_list":["post-346275","post","type-post","status-publish","format-standard","has-post-thumbnail","category-underhallning","tag-alexander-skarsgard","tag-apple","tag-entertainment","tag-se","tag-svenska","tag-sverige","tag-sweden","tag-swedish","tag-tv","tag-tv-serier","tag-underhallning"],"share_on_mastodon":{"url":"https:\/\/pubeurope.com\/@se\/117128154888958351","error":""},"_links":{"self":[{"href":"https:\/\/www.europesays.com\/se\/wp-json\/wp\/v2\/posts\/346275","targetHints":{"allow":["GET"]}}],"collection":[{"href":"https:\/\/www.europesays.com\/se\/wp-json\/wp\/v2\/posts"}],"about":[{"href":"https:\/\/www.europesays.com\/se\/wp-json\/wp\/v2\/types\/post"}],"author":[{"embeddable":true,"href":"https:\/\/www.europesays.com\/se\/wp-json\/wp\/v2\/users\/2"}],"replies":[{"embeddable":true,"href":"https:\/\/www.europesays.com\/se\/wp-json\/wp\/v2\/comments?post=346275"}],"version-history":[{"count":0,"href":"https:\/\/www.europesays.com\/se\/wp-json\/wp\/v2\/posts\/346275\/revisions"}],"wp:featuredmedia":[{"embeddable":true,"href":"https:\/\/www.europesays.com\/se\/wp-json\/wp\/v2\/media\/346276"}],"wp:attachment":[{"href":"https:\/\/www.europesays.com\/se\/wp-json\/wp\/v2\/media?parent=346275"}],"wp:term":[{"taxonomy":"category","embeddable":true,"href":"https:\/\/www.europesays.com\/se\/wp-json\/wp\/v2\/categories?post=346275"},{"taxonomy":"post_tag","embeddable":true,"href":"https:\/\/www.europesays.com\/se\/wp-json\/wp\/v2\/tags?post=346275"}],"curies":[{"name":"wp","href":"https:\/\/api.w.org\/{rel}","templated":true}]}}