{"id":346510,"date":"2026-08-20T17:02:21","date_gmt":"2026-08-20T17:02:21","guid":{"rendered":"https:\/\/www.europesays.com\/se\/346510\/"},"modified":"2026-08-20T17:02:21","modified_gmt":"2026-08-20T17:02:21","slug":"fyra-tonaringar-dog-i-husbranden-okant-hur-den-startade","status":"publish","type":"post","link":"https:\/\/www.europesays.com\/se\/346510\/","title":{"rendered":"Fyra ton\u00e5ringar dog i husbranden \u2013 ok\u00e4nt hur den startade"},"content":{"rendered":"<p>  <a class=\"_link_1lr5y_108\" href=\"https:\/\/aftonbladet.se\/av\/vilma-stromberg\" title=\"Vilma Str\u00f6mberg\" rel=\"nofollow noopener\" target=\"_blank\"><img alt=\"Bild av Vilma Str\u00f6mberg\" class=\"_image_1lr5y_85\" fetchpriority=\"low\" decoding=\"async\" itemprop=\"image\" loading=\"lazy\"  src=\"https:\/\/www.europesays.com\/se\/wp-content\/uploads\/2026\/08\/1787245339_72_49bff9f2-9f2e-3cb7-a158-29460ff5a86b.png\"  width=\"480\"\/><\/a> <img alt=\"Fyra unga kvinnor dog i branden i norska Hamar.\" class=\"_image_1jxax_84 layout-component layout-wide\" data-fullscreen- data-track-element-type=\"Article image fullscreen\" data-track-name=\"ImageFullscreen\" fetchpriority=\"high\" decoding=\"sync\" loading=\"eager\" height=\"5361\" itemprop=\"image\"  src=\"https:\/\/www.europesays.com\/se\/wp-content\/uploads\/2026\/08\/64d829cf-5298-3526-b4f8-0acc66f5c012.jpeg\"  style=\"object-position:0% 0%\" width=\"8041\"\/>Fyra unga kvinnor dog i branden i norska Hamar.  Foto: Geir Olsen \/ NTBVisa mer<\/p>\n<p class=\"_textTheme_4io5p_1 _lead_16k26_2 _lead_3ue4t_18 layout-component layout-normal layout-padded _lead_o6m9k_5 _leadTheme_cypwp_1 body-large bold\">Astrid, 18, gick \u00f6ver till grannhuset \u2013 och kom aldrig hem igen.<\/p>\n<p class=\"_textTheme_4io5p_1 _lead_16k26_2 _lead_3ue4t_18 layout-component layout-normal layout-padded _lead_o6m9k_5 _leadTheme_cypwp_1 body-large bold\">Hon var en av fyra unga kvinnor som dog i husbranden i norska Hamar i h\u00f6stas.<\/p>\n<p class=\"_textTheme_4io5p_1 _lead_16k26_2 _lead_3ue4t_18 layout-component layout-normal layout-padded _lead_o6m9k_5 _leadTheme_cypwp_1 body-large bold\">\u2013 Det \u00e4r helt ofattbart, s\u00e4ger Astrids mamma Birgit till norska VG.<\/p>\n<p class=\"_textTheme_4io5p_1 _paragraph_16k26_4 _paragraph_3ue4t_27 layout-component layout-normal layout-padded body-medium\">Natten till m\u00e5ndagen den 8 september 2025 utbr\u00f6t en brand i ett hus i Hamar i Norge. <\/p>\n<p class=\"_textTheme_4io5p_1 _paragraph_16k26_4 _paragraph_3ue4t_27 layout-component layout-normal layout-padded body-medium\">N\u00e4r r\u00e4ddningstj\u00e4nsten kom till platsen var huset redan \u00f6vert\u00e4nt.<\/p>\n<p class=\"_textTheme_4io5p_1 _paragraph_16k26_4 _paragraph_3ue4t_27 layout-component layout-normal layout-padded body-medium\">Birgit Valla, som bor i grannhuset, vaknade av ljuden fr\u00e5n den kraftiga branden under natten. Vad hon inte visste d\u00e5 var att hennes dotter befann sig inne i det brinnande huset, <a href=\"https:\/\/www.vg.no\/nyheter\/i\/ExR1O2\/forteller-om-sorgen-etter-branndoeden\" class=\"_link_16k26_32\" rel=\"nofollow noopener\" target=\"_blank\">skriver norska VG.<\/a><\/p>\n<p class=\"_textTheme_4io5p_1 _paragraph_16k26_4 _paragraph_3ue4t_27 layout-component layout-normal layout-padded body-medium\">Dottern Astrid St\u00f8e Valla, 18, och kompisarna Ariane Haga, 18, Ester Moe Lj\u00f8dal, 19, och Ida B\u00e6k Nordland, 19, dog i branden.<\/p>\n<p> Trodde att dottern kommit hem <\/p>\n<p class=\"_textTheme_4io5p_1 _paragraph_16k26_4 _paragraph_3ue4t_27 layout-component layout-normal layout-padded body-medium\">Astrid hade g\u00e5tt \u00f6ver till kompisen Ida B\u00e6k Nordlands hus vid 22-tiden p\u00e5 s\u00f6ndagskv\u00e4llen. <\/p>\n<p class=\"_textTheme_4io5p_1 _paragraph_16k26_4 _paragraph_3ue4t_27 layout-component layout-normal layout-padded body-medium\">Astrids mamma Birgit ber\u00e4ttar f\u00f6r VG att dottern inte brukade sova \u00f6ver hos grannen. Men den h\u00e4r natten hade hon gjort det.<\/p>\n<p> <img alt=\"Astrid St\u00f8e Valla och Ester Moe Lj\u00f8dal.\" class=\"_image_1jxax_84 layout-component layout-normal\" data-fullscreen- data-track-element-type=\"Article image fullscreen\" data-track-name=\"ImageFullscreen\" decoding=\"async\" loading=\"lazy\" height=\"600\" itemprop=\"image\"  src=\"https:\/\/www.europesays.com\/se\/wp-content\/uploads\/2026\/08\/5ab35a86-e975-395c-a02d-cb336c327504.jpeg\"  style=\"object-position:0% 0%\" width=\"1200\"\/>Astrid St\u00f8e Valla och Ester Moe Lj\u00f8dal. Foto: Polisen\/privat.Visa mer <br \/><img alt=\"Ariane Haga och Ida B\u00e6k Nordland.\" class=\"_image_1jxax_84 layout-component layout-normal\" data-fullscreen- data-track-element-type=\"Article image fullscreen\" data-track-name=\"ImageFullscreen\" decoding=\"async\" loading=\"lazy\" height=\"600\" itemprop=\"image\"  src=\"https:\/\/www.europesays.com\/se\/wp-content\/uploads\/2026\/08\/abe8fd4f-d4c6-3654-866a-56728e9ae3c3.jpeg\"  style=\"object-position:0% 0%\" width=\"1200\"\/>Ariane Haga och Ida B\u00e6k Nordland. Foto: Polisen\/privat.Visa mer <\/p>\n<p class=\"_textTheme_4io5p_1 _paragraph_16k26_4 _paragraph_3ue4t_27 layout-component layout-normal layout-padded body-medium\">Ganska snabbt f\u00f6rstod Birgit att hennes dotter f\u00f6rmodligen var d\u00f6d.<\/p>\n<p class=\"_textTheme_4io5p_1 _paragraph_16k26_4 _paragraph_3ue4t_27 layout-component layout-normal layout-padded body-medium\">Astrid hittades i korridoren vid trappan mellan f\u00f6rsta och andra v\u00e5ningen i huset, knappt fyra meter fr\u00e5n ytterd\u00f6rren. Enligt obduktionsrapporten dog hon av kolmonoxidf\u00f6rgiftning efter att ha andats in den giftiga r\u00f6ken.<\/p>\n<p class=\"_textTheme_4io5p_1 _paragraph_16k26_4 _paragraph_3ue4t_27 layout-component layout-normal layout-padded body-medium\">\u2013 Du g\u00e5r fr\u00e5n vanliga bekymmer p\u00e5 jobbet till att ditt barn \u00e4r d\u00f6tt. Det \u00e4r helt ofattbart. Du kan inte ens f\u00f6rest\u00e4lla dig det \u2013 och s\u00e5 h\u00e4nder det, s\u00e4ger Birgit till tidningen.<\/p>\n<p> <img alt=\"Astrid St\u00f8e Vallas begravning.\" class=\"_image_1jxax_84 layout-component layout-normal\" data-fullscreen- data-track-element-type=\"Article image fullscreen\" data-track-name=\"ImageFullscreen\" decoding=\"async\" loading=\"lazy\" height=\"5464\" itemprop=\"image\"  src=\"https:\/\/www.europesays.com\/se\/wp-content\/uploads\/2026\/08\/b4c1b1c1-f4f9-30e7-8b37-f64c63858a11.jpeg\"  style=\"object-position:0% 0%\" width=\"8192\"\/>Astrid St\u00f8e Vallas begravning. Foto: Geir Olsen \/ NTBVisa mer \u00c4rendet l\u00e4ggs ned <\/p>\n<p class=\"_textTheme_4io5p_1 _paragraph_16k26_4 _paragraph_3ue4t_27 layout-component layout-normal layout-padded body-medium\">Efter n\u00e4stan ett \u00e5rs utredning har polisen nu beslutat att l\u00e4gga ned \u00e4rendet. Det \u00e4r fortfarande oklart hur branden startade.<\/p>\n<p class=\"_textTheme_4io5p_1 _paragraph_16k26_4 _paragraph_3ue4t_27 layout-component layout-normal layout-padded body-medium\">\u201dPolisen har genomf\u00f6rt en bred och grundlig utredning, d\u00e4r flera hypoteser, bland annat att branden kan ha varit anlagd, har f\u00f6ljts upp. Utredningen har kommit fram till att brandorsaken \u00e4r ok\u00e4nd\u201d, skriver polisen i ett pressmeddelande p\u00e5 onsdagen.<\/p>\n<p class=\"_textTheme_4io5p_1 _paragraph_16k26_4 _paragraph_3ue4t_27 layout-component layout-normal layout-padded body-medium\">De kriminaltekniska unders\u00f6kningarna tyder p\u00e5 att branden startade utomhus p\u00e5 verandan. Det finns inga misstankar om att branden var anlagd eller att personerna som befann sig i huset hade n\u00e5got med den att g\u00f6ra.<\/p>\n<p> \u201dBeh\u00f6ver inte veta vad som h\u00e4nde\u201d <\/p>\n<p class=\"_textTheme_4io5p_1 _paragraph_16k26_4 _paragraph_3ue4t_27 layout-component layout-normal layout-padded body-medium\">F\u00f6r Birgit spelar det inte s\u00e5 stor roll hur branden startade.<\/p>\n<p class=\"_textTheme_4io5p_1 _paragraph_16k26_4 _paragraph_3ue4t_27 layout-component layout-normal layout-padded body-medium\">\u2013 Jag beh\u00f6ver inte veta vad som h\u00e4nde, utg\u00e5ngen \u00e4r densamma oavsett. Jag tycker att det \u00e4r viktigare att f\u00f6rsonas med det som har h\u00e4nt, s\u00e4ger hon till VG.<\/p>\n<p class=\"_textTheme_4io5p_1 _paragraph_16k26_4 _paragraph_3ue4t_27 layout-component layout-normal layout-padded body-medium\">F\u00f6r att hantera sorgen efter Astrid har Birgit bland annat skrivit en bok om sin dotter.<\/p>\n<p class=\"_textTheme_4io5p_1 _paragraph_16k26_4 _paragraph_3ue4t_27 layout-component layout-normal layout-padded body-medium\">\u2013 Att skriva om Astrid g\u00f6r att hennes korta liv f\u00e5r en mening och att det k\u00e4nns som att jag tar henne med mig vidare.<\/p>\n","protected":false},"excerpt":{"rendered":"Fyra unga kvinnor dog i branden i norska Hamar. Foto: Geir Olsen \/ NTBVisa mer Astrid, 18, gick&hellip;\n","protected":false},"author":2,"featured_media":346511,"comment_status":"","ping_status":"","sticky":false,"template":"","format":"standard","meta":{"footnotes":"","_share_on_mastodon":"0"},"categories":[5],"tags":[22,23,26,27,17,21,24,25,28,29,15,430,16,18,34,31,33,32,30,19,20],"class_list":["post-346510","post","type-post","status-publish","format-standard","has-post-thumbnail","category-rubriker","tag-breaking-news","tag-breakingnews","tag-featured-news","tag-featurednews","tag-headlines","tag-huvudnyheter","tag-latest-news","tag-latestnews","tag-main-news","tag-mainnews","tag-news","tag-norge","tag-nyheter","tag-rubriker","tag-se","tag-svenska","tag-sverige","tag-sweden","tag-swedish","tag-top-stories","tag-topstories"],"share_on_mastodon":{"url":"https:\/\/pubeurope.com\/@se\/117128918194389326","error":""},"_links":{"self":[{"href":"https:\/\/www.europesays.com\/se\/wp-json\/wp\/v2\/posts\/346510","targetHints":{"allow":["GET"]}}],"collection":[{"href":"https:\/\/www.europesays.com\/se\/wp-json\/wp\/v2\/posts"}],"about":[{"href":"https:\/\/www.europesays.com\/se\/wp-json\/wp\/v2\/types\/post"}],"author":[{"embeddable":true,"href":"https:\/\/www.europesays.com\/se\/wp-json\/wp\/v2\/users\/2"}],"replies":[{"embeddable":true,"href":"https:\/\/www.europesays.com\/se\/wp-json\/wp\/v2\/comments?post=346510"}],"version-history":[{"count":0,"href":"https:\/\/www.europesays.com\/se\/wp-json\/wp\/v2\/posts\/346510\/revisions"}],"wp:featuredmedia":[{"embeddable":true,"href":"https:\/\/www.europesays.com\/se\/wp-json\/wp\/v2\/media\/346511"}],"wp:attachment":[{"href":"https:\/\/www.europesays.com\/se\/wp-json\/wp\/v2\/media?parent=346510"}],"wp:term":[{"taxonomy":"category","embeddable":true,"href":"https:\/\/www.europesays.com\/se\/wp-json\/wp\/v2\/categories?post=346510"},{"taxonomy":"post_tag","embeddable":true,"href":"https:\/\/www.europesays.com\/se\/wp-json\/wp\/v2\/tags?post=346510"}],"curies":[{"name":"wp","href":"https:\/\/api.w.org\/{rel}","templated":true}]}}