{"id":346562,"date":"2026-08-20T17:50:20","date_gmt":"2026-08-20T17:50:20","guid":{"rendered":"https:\/\/www.europesays.com\/se\/346562\/"},"modified":"2026-08-20T17:50:20","modified_gmt":"2026-08-20T17:50:20","slug":"charlotte-engelkes-det-ar-ofattbart-att-hon-inte-langre-finns","status":"publish","type":"post","link":"https:\/\/www.europesays.com\/se\/346562\/","title":{"rendered":"CHARLOTTE ENGELKES: Det \u00e4r ofattbart att hon inte l\u00e4ngre finns"},"content":{"rendered":"<p>Publicerad 20 aug 2026 kl 10.40<\/p>\n<p>Sofia S\u00f6derg\u00e5rd var en konstn\u00e4r med s\u00e4llsynt kraft, lekfullhet och n\u00e4rvaro.\u00a0<\/p>\n<p>Charlotte Engelkes skriver om v\u00e4nnen och arbetskamraten som gjorde andra modigare.<\/p>\n<p><img   alt=\"\"\/><\/p>\n<p>Sofia S\u00f6derg\u00e5rd (1987-2026) var dansare, koreograf och sk\u00e5despelare.<\/p>\n<p>Foto: Carl Thorborg \/ Dansalliansen<\/p>\n<p>\u00d6ppna bild i helsk\u00e4rm<img loading=\"lazy\"   alt=\"\"\/><\/p>\n<p>Charlotte Engelkes \u00e4r dansare, regiss\u00f6r och performanceartist.<\/p>\n<p>Foto: Julius Bohlin \/ Pressbild<\/p>\n<p>\u00d6ppna bild i helsk\u00e4rm<\/p>\n<p><strong>IN MEMORIAM.<\/strong> Det \u00e4r med stor sorg i hj\u00e4rtat, men ocks\u00e5 med o\u00e4ndlig k\u00e4rlek, som jag skriver detta om min v\u00e4n, min kollega och, som vi sade, v\u00e5r \u201dperfect match\u201d.\u00a0<\/p>\n<p>T\u00e4nk att jag hittade <strong>Sofia S\u00f6derg\u00e5rd<\/strong>. Det visade sig att hon redan hade hittat mig, n\u00e4r jag tog mod till mig och klev fram till scenkanten f\u00f6r att tacka efter att ha sett henne p\u00e5 <a href=\"https:\/\/www.expressen.se\/tagg\/organization\/folkoperan\/\" class=\"\" rel=\"nofollow noopener\" target=\"_blank\">Folkoperan<\/a>. Under f\u00f6rest\u00e4llningen s\u00e5g jag ingen annan \u00e4n Sofia. Hennes kraftfulla dans och hennes b\u00e5de sensuella och maskulina scenn\u00e4rvaro f\u00e4ngslade mig totalt.<\/p>\n<blockquote><p>Och s\u00e5 s\u00e5g jag Sofia.<\/p><\/blockquote>\n<p>Jag hade precis b\u00f6rjat fundera p\u00e5 en f\u00f6rest\u00e4llning om min egen stamcellstransplantation, som jag hade \u00f6verlevt tv\u00e5 \u00e5r tidigare. Tack vare min d\u00e5 ok\u00e4nde donator hade jag lyckats stoppa en aggressiv leukemi. Det enda jag visste var att donatorn m\u00e5ste vara identisk med mig p\u00e5 13 av 14 punkter. Fascinationen \u00f6ver vem det kunde vara blev inspirationen till \u201dTransplantation\u201d. Och s\u00e5 s\u00e5g jag Sofia.<\/p>\n<p>Det visade sig att hon redan tidigare hade mejlat mig f\u00f6r att f\u00e5 arbeta tillsammans. Vilken lycka. Vi st\u00e4mde tr\u00e4ff, och jag var r\u00e4tt nerv\u00f6s, eftersom jag tyckte att hon var s\u00e5 ball i sina f\u00e4rgstarka kl\u00e4der och med en utstr\u00e5lning som gjorde mig alldeles starstruck. Efter ett sprudlande och glatt m\u00f6te stod det klart att vi b\u00e5da skulle st\u00e5 p\u00e5 scen tillsammans, i manlig drag.<\/p>\n<p><img loading=\"lazy\"   alt=\"\"\/><\/p>\n<p>Charlotte Engelkes och Sofia S\u00f6derg\u00e5rd i \u201dTransplantation\u201d.<\/p>\n<p>Foto: Mats B\u00e4cker<\/p>\n<p>\u00d6ppna bild i helsk\u00e4rm<\/p>\n<p>Sofia l\u00e4rde mig hur jag skulle skjuta fram h\u00f6ften, ha tennisbollar under armarna och l\u00e5ta munnen h\u00e4nga lite \u00f6ppen f\u00f6r att likna en man. Hon visade mig sminkets alla trick: att s\u00e4nka pannan, minska \u00f6gonen, f\u00f6rstora n\u00e4sborrarna \u2013 allt tv\u00e4rtom mot allt jag tidigare hade gjort. Vi s\u00e5g fantastiska ut.<\/p>\n<p>Det kreativa arbetet var of\u00f6rgl\u00f6mligt \u2013 s\u00e5 roligt, s\u00e5 n\u00e4ra. Sofia var alltid fullt engagerad och st\u00e4llde fr\u00e5gor som gjorde att jag v\u00e5gade ber\u00e4tta. Det var hon som f\u00f6reslog att jag skulle kontakta donatorn och till slut gjorde jag det. N\u00e4r han svarade var det ocks\u00e5 hon som kom p\u00e5 den geniala id\u00e9n att hans brev kunde bli slutscenen i f\u00f6rest\u00e4llningen.<\/p>\n<p>\u201dBara l\u00e4s upp det\u201d, sade hon.<\/p>\n<p>Med Sofia blev jag modigare.<\/p>\n<p>Jag \u00e4r s\u00e5 oerh\u00f6rt tacksam \u00f6ver varje dag vi fick uppleva tillsammans. Sofia var cool p\u00e5 riktigt, inte bara i sina kl\u00e4der utan ocks\u00e5 inuti \u2013 grundad i fysisk styrka och med en inre n\u00e4rvaro, ett lugn, som smittade och st\u00e4rkte alla. Hon gav s\u00e5 m\u00e5nga ja i processen \u2013 och till alla inblandade.<\/p>\n<p><img loading=\"lazy\"   alt=\"\"\/><\/p>\n<p>Sofia S\u00f6derg\u00e5rd i en av sina roller i \u201dTransplantation\u201d.<\/p>\n<p>Foto: Mats B\u00e4cker<\/p>\n<p>\u00d6ppna bild i helsk\u00e4rm<img loading=\"lazy\"   alt=\"\"\/><\/p>\n<p>&#8230;som Elaka M\u00e5ns i Teater V\u00e4sternorrlands \u201dPelle Svansl\u00f6s\u201d.<\/p>\n<p>Foto: Lia Jacobi<\/p>\n<p>\u00d6ppna bild i helsk\u00e4rm<img loading=\"lazy\"   alt=\"\"\/><\/p>\n<p>&#8230;som Carl Qunt till h\u00f6ger i \u201dKing 2 King\u201d med Potato potato.<\/p>\n<p>Foto: Bianca Kronl\u00f6f<\/p>\n<p>\u00d6ppna bild i helsk\u00e4rm<\/p>\n<p>Sj\u00e4lv var hon kungen Qarl Qunt \u2013 en of\u00f6rgl\u00f6mligt vacker dragking som med humor f\u00f6rmedlade k\u00e4rlek, med ljuvlig fysisk precision och en styrka d\u00e4r full maskulinitet och feminin energi fanns samtidigt. Alla som s\u00e5g Sofia blev ber\u00f6rda av kraften och sj\u00e4lvklarheten i det som var hon.<\/p>\n<p>Att Sofia inte l\u00e4ngre finns mer i fysisk form \u00e4r ofattbart. Kanske \u00e4r hon kallad till andra uppdrag, s\u00e5dana som bara m\u00e4nniskor som Sofia klarar av.<\/p>\n<p>Alla lekfulla dagar p\u00e5 och av scenen, alla dansturn\u00e9er med tvillingarna och hela familjen. Jag har l\u00e4rt mig s\u00e5 mycket av Sofia \u2013 som att det pl\u00f6tsligt, mitt i arbetet, kan vara fruktstund. Dags f\u00f6r mandarin. Nu har du tagit en paus, Sofia. Och jag t\u00e4nker att det kanske bara \u00e4r \u00e4nnu en fruktstund. N\u00e5gon annanstans.<\/p>\n<p><strong>Av Charlotte Engelkes<\/strong><\/p>\n<p>Charlotte Engelkes \u00e4r dansare, regiss\u00f6r och performanceartist.<\/p>\n","protected":false},"excerpt":{"rendered":"Publicerad 20 aug 2026 kl 10.40 Sofia S\u00f6derg\u00e5rd var en konstn\u00e4r med s\u00e4llsynt kraft, lekfullhet och n\u00e4rvaro.\u00a0 Charlotte&hellip;\n","protected":false},"author":2,"featured_media":346563,"comment_status":"","ping_status":"","sticky":false,"template":"","format":"standard","meta":{"footnotes":"","_share_on_mastodon":"0"},"categories":[67],"tags":[104,39027,34,31,33,32,30,905,105],"class_list":["post-346562","post","type-post","status-publish","format-standard","has-post-thumbnail","category-underhallning","tag-entertainment","tag-folkoperan","tag-se","tag-svenska","tag-sverige","tag-sweden","tag-swedish","tag-teater","tag-underhallning"],"share_on_mastodon":{"url":"https:\/\/pubeurope.com\/@se\/117129106361628220","error":""},"_links":{"self":[{"href":"https:\/\/www.europesays.com\/se\/wp-json\/wp\/v2\/posts\/346562","targetHints":{"allow":["GET"]}}],"collection":[{"href":"https:\/\/www.europesays.com\/se\/wp-json\/wp\/v2\/posts"}],"about":[{"href":"https:\/\/www.europesays.com\/se\/wp-json\/wp\/v2\/types\/post"}],"author":[{"embeddable":true,"href":"https:\/\/www.europesays.com\/se\/wp-json\/wp\/v2\/users\/2"}],"replies":[{"embeddable":true,"href":"https:\/\/www.europesays.com\/se\/wp-json\/wp\/v2\/comments?post=346562"}],"version-history":[{"count":0,"href":"https:\/\/www.europesays.com\/se\/wp-json\/wp\/v2\/posts\/346562\/revisions"}],"wp:featuredmedia":[{"embeddable":true,"href":"https:\/\/www.europesays.com\/se\/wp-json\/wp\/v2\/media\/346563"}],"wp:attachment":[{"href":"https:\/\/www.europesays.com\/se\/wp-json\/wp\/v2\/media?parent=346562"}],"wp:term":[{"taxonomy":"category","embeddable":true,"href":"https:\/\/www.europesays.com\/se\/wp-json\/wp\/v2\/categories?post=346562"},{"taxonomy":"post_tag","embeddable":true,"href":"https:\/\/www.europesays.com\/se\/wp-json\/wp\/v2\/tags?post=346562"}],"curies":[{"name":"wp","href":"https:\/\/api.w.org\/{rel}","templated":true}]}}