{"id":346776,"date":"2026-08-20T21:53:12","date_gmt":"2026-08-20T21:53:12","guid":{"rendered":"https:\/\/www.europesays.com\/se\/346776\/"},"modified":"2026-08-20T21:53:12","modified_gmt":"2026-08-20T21:53:12","slug":"kurdiska-styrkor-integrationen-med-syrien-klar","status":"publish","type":"post","link":"https:\/\/www.europesays.com\/se\/346776\/","title":{"rendered":"Kurdiska styrkor: Integrationen med Syrien klar"},"content":{"rendered":"<p>De kurdledda Syriska demokratiska styrkorna (SDF) meddelar att den kurdiska administrationens integration med styret i Damaskus \u00e4r klar. Det s\u00e4ger gruppens ledare Mazloum Abdi enligt AFP.<\/p>\n<p>Uttalandet kommer efter flera m\u00e5nader av f\u00f6rhandlingar mellan SDF och den syriska regeringen.<\/p>\n<p>\u2013 Fr\u00e5n och med nu p\u00e5b\u00f6rjas en ny fas. V\u00e5r kamp kommer att forts\u00e4tta, f\u00f6r att fastst\u00e4lla v\u00e5rt folks r\u00e4ttigheter i konstitutionen, s\u00e4ger han.<\/p>\n<p>Omni \u00e4r politiskt obundna och oberoende. Vi str\u00e4var efter att ge fler perspektiv p\u00e5 nyheterna. Har du fr\u00e5gor eller synpunkter kring v\u00e5r rapportering? <a href=\"https:\/\/omni.se\/kurdiska-styrkor-integrationen-med-syrien-klar\/a\/mailto:redaktion@omni.se\" class=\"ArticleActions-module-scss-module__w9u9BG__contactLink\" rel=\"nofollow noopener\" target=\"_blank\">Kontakta redaktionen<\/a><\/p>\n","protected":false},"excerpt":{"rendered":"De kurdledda Syriska demokratiska styrkorna (SDF) meddelar att den kurdiska administrationens integration med styret i Damaskus \u00e4r klar.&hellip;\n","protected":false},"author":2,"featured_media":346777,"comment_status":"","ping_status":"","sticky":false,"template":"","format":"standard","meta":{"footnotes":"","_share_on_mastodon":"0"},"categories":[5],"tags":[22,23,26,27,17,21,24,25,28,29,124,15,16,18,34,31,33,32,30,4251,19,20],"class_list":["post-346776","post","type-post","status-publish","format-standard","has-post-thumbnail","category-rubriker","tag-breaking-news","tag-breakingnews","tag-featured-news","tag-featurednews","tag-headlines","tag-huvudnyheter","tag-latest-news","tag-latestnews","tag-main-news","tag-mainnews","tag-mellanostern","tag-news","tag-nyheter","tag-rubriker","tag-se","tag-svenska","tag-sverige","tag-sweden","tag-swedish","tag-syrien","tag-top-stories","tag-topstories"],"share_on_mastodon":{"url":"https:\/\/pubeurope.com\/@se\/117130061869627612","error":""},"_links":{"self":[{"href":"https:\/\/www.europesays.com\/se\/wp-json\/wp\/v2\/posts\/346776","targetHints":{"allow":["GET"]}}],"collection":[{"href":"https:\/\/www.europesays.com\/se\/wp-json\/wp\/v2\/posts"}],"about":[{"href":"https:\/\/www.europesays.com\/se\/wp-json\/wp\/v2\/types\/post"}],"author":[{"embeddable":true,"href":"https:\/\/www.europesays.com\/se\/wp-json\/wp\/v2\/users\/2"}],"replies":[{"embeddable":true,"href":"https:\/\/www.europesays.com\/se\/wp-json\/wp\/v2\/comments?post=346776"}],"version-history":[{"count":0,"href":"https:\/\/www.europesays.com\/se\/wp-json\/wp\/v2\/posts\/346776\/revisions"}],"wp:featuredmedia":[{"embeddable":true,"href":"https:\/\/www.europesays.com\/se\/wp-json\/wp\/v2\/media\/346777"}],"wp:attachment":[{"href":"https:\/\/www.europesays.com\/se\/wp-json\/wp\/v2\/media?parent=346776"}],"wp:term":[{"taxonomy":"category","embeddable":true,"href":"https:\/\/www.europesays.com\/se\/wp-json\/wp\/v2\/categories?post=346776"},{"taxonomy":"post_tag","embeddable":true,"href":"https:\/\/www.europesays.com\/se\/wp-json\/wp\/v2\/tags?post=346776"}],"curies":[{"name":"wp","href":"https:\/\/api.w.org\/{rel}","templated":true}]}}