{"id":346788,"date":"2026-08-20T22:11:12","date_gmt":"2026-08-20T22:11:12","guid":{"rendered":"https:\/\/www.europesays.com\/se\/346788\/"},"modified":"2026-08-20T22:11:12","modified_gmt":"2026-08-20T22:11:12","slug":"sam-larsson-en-skam-i-kroppen-allsvenskan","status":"publish","type":"post","link":"https:\/\/www.europesays.com\/se\/346788\/","title":{"rendered":"Sam Larsson: \u201dEn skam i kroppen\u201d | Allsvenskan"},"content":{"rendered":"<p>Uppdaterad 20 aug 2026 kl 23.56Publicerad 20 aug 2026 kl 21.09<\/p>\n<p>PremiumSam Larsson, 33, har inte flyttat hem f\u00f6r att varva ner.\u00a0<\/p>\n<p>Bl\u00e5vittstj\u00e4rnan vill h\u00f6ja kravbilden internt och \u00e4r fortfarande f\u00f6rbannad efter insatsen mot Degerfors.\u00a0<\/p>\n<p>\u2013\u00a0En skam i kroppen att se sig sj\u00e4lv f\u00f6rlora p\u00e5 det s\u00e4ttet, s\u00e4ger han.\u00a0<\/p>\n<p><img   alt=\"\"\/> <\/p>\n<p>Foto: FREDRIK KARLSSON \/ BILDBYR\u00c5N<\/p>\n<p>\u00d6ppna bild i helsk\u00e4rm<\/p>\n","protected":false},"excerpt":{"rendered":"Uppdaterad 20 aug 2026 kl 23.56Publicerad 20 aug 2026 kl 21.09 PremiumSam Larsson, 33, har inte flyttat hem&hellip;\n","protected":false},"author":2,"featured_media":346789,"comment_status":"","ping_status":"","sticky":false,"template":"","format":"standard","meta":{"footnotes":"","_share_on_mastodon":"0"},"categories":[68],"tags":[159,138,1102,103,29712,34,111,110,31,33,32,30],"class_list":["post-346788","post","type-post","status-publish","format-standard","has-post-thumbnail","category-sport","tag-allsvenskan","tag-fotboll","tag-ifk-goteborg","tag-premium","tag-sam-larsson","tag-se","tag-sport","tag-sports","tag-svenska","tag-sverige","tag-sweden","tag-swedish"],"share_on_mastodon":{"url":"https:\/\/pubeurope.com\/@se\/117130132603262496","error":""},"_links":{"self":[{"href":"https:\/\/www.europesays.com\/se\/wp-json\/wp\/v2\/posts\/346788","targetHints":{"allow":["GET"]}}],"collection":[{"href":"https:\/\/www.europesays.com\/se\/wp-json\/wp\/v2\/posts"}],"about":[{"href":"https:\/\/www.europesays.com\/se\/wp-json\/wp\/v2\/types\/post"}],"author":[{"embeddable":true,"href":"https:\/\/www.europesays.com\/se\/wp-json\/wp\/v2\/users\/2"}],"replies":[{"embeddable":true,"href":"https:\/\/www.europesays.com\/se\/wp-json\/wp\/v2\/comments?post=346788"}],"version-history":[{"count":0,"href":"https:\/\/www.europesays.com\/se\/wp-json\/wp\/v2\/posts\/346788\/revisions"}],"wp:featuredmedia":[{"embeddable":true,"href":"https:\/\/www.europesays.com\/se\/wp-json\/wp\/v2\/media\/346789"}],"wp:attachment":[{"href":"https:\/\/www.europesays.com\/se\/wp-json\/wp\/v2\/media?parent=346788"}],"wp:term":[{"taxonomy":"category","embeddable":true,"href":"https:\/\/www.europesays.com\/se\/wp-json\/wp\/v2\/categories?post=346788"},{"taxonomy":"post_tag","embeddable":true,"href":"https:\/\/www.europesays.com\/se\/wp-json\/wp\/v2\/tags?post=346788"}],"curies":[{"name":"wp","href":"https:\/\/api.w.org\/{rel}","templated":true}]}}