{"id":346794,"date":"2026-08-20T22:35:27","date_gmt":"2026-08-20T22:35:27","guid":{"rendered":"https:\/\/www.europesays.com\/se\/346794\/"},"modified":"2026-08-20T22:35:27","modified_gmt":"2026-08-20T22:35:27","slug":"lily-hooper-mardrommen-8-minuter-efter-lyckobeskedet","status":"publish","type":"post","link":"https:\/\/www.europesays.com\/se\/346794\/","title":{"rendered":"Lily Hooper: Mardr\u00f6mmen \u2013 8 minuter efter lyckobeskedet"},"content":{"rendered":"<p>  <a class=\"_link_1lr5y_108\" href=\"https:\/\/aftonbladet.se\/av\/johan-edgar\" title=\"Johan Edgar\" rel=\"nofollow noopener\" target=\"_blank\"><img alt=\"Bild av Johan Edgar\" class=\"_image_1lr5y_85\" fetchpriority=\"low\" decoding=\"async\" itemprop=\"image\" loading=\"lazy\"  src=\"https:\/\/www.europesays.com\/se\/wp-content\/uploads\/2026\/08\/1787265325_965_95268424-8e04-40ee-ba36-b98d6cc58976.png\"  width=\"480\"\/><\/a> <img alt=\"\" class=\"_image_1jxax_84 layout-component layout-wide\" data-fullscreen- data-track-element-type=\"Article image fullscreen\" data-track-name=\"ImageFullscreen\" fetchpriority=\"high\" decoding=\"sync\" loading=\"eager\" height=\"574\" itemprop=\"image\"  src=\"https:\/\/www.europesays.com\/se\/wp-content\/uploads\/2026\/08\/2a46bbc7-5bd9-398a-a9a4-2420cd03f195.jpeg\"  style=\"object-position:0% 0%\" width=\"860\"\/><\/p>\n<p class=\"_textTheme_4io5p_1 _lead_16k26_2 _lead_3ue4t_18 layout-component layout-normal layout-padded _lead_o6m9k_5 _leadTheme_cypwp_1 body-large bold\">Lily Hooper, 18, f\u00f6rsvann under en vandring i skogen.<\/p>\n<p class=\"_textTheme_4io5p_1 _lead_16k26_2 _lead_3ue4t_18 layout-component layout-normal layout-padded _lead_o6m9k_5 _leadTheme_cypwp_1 body-large bold\">Efter \u00e5tta dygn fick familjen ett lyckobesked.<\/p>\n<p class=\"_textTheme_4io5p_1 _lead_16k26_2 _lead_3ue4t_18 layout-component layout-normal layout-padded _lead_o6m9k_5 _leadTheme_cypwp_1 body-large bold\">\u00c5tta minuter senare hamnade de i en mardr\u00f6m.<\/p>\n<p class=\"_textTheme_4io5p_1 _paragraph_16k26_4 _paragraph_3ue4t_27 layout-component layout-normal layout-padded body-medium\">Den unga kvinnans familj jublade av lycka, men det var falskt hopp.<\/p>\n<p class=\"_textTheme_4io5p_1 _paragraph_16k26_4 _paragraph_3ue4t_27 layout-component layout-normal layout-padded body-medium\">Nu beklagar polisen i australiensiska New South Wales (NSW) fiaskot efter det l\u00e5nga s\u00f6karbetet.<\/p>\n<p class=\"_textTheme_4io5p_1 _paragraph_16k26_4 _paragraph_3ue4t_27 layout-component layout-normal layout-padded body-medium\">\u2013 Jag ber utan f\u00f6rbeh\u00e5ll om urs\u00e4kt f\u00f6r missf\u00f6rst\u00e5ndet och f\u00f6r ytterligare trauma som det kan ha orsakat Lilys familj, s\u00e4ger delstatens polischef Mal Lanyon <a href=\"https:\/\/edition.cnn.com\/2026\/08\/20\/australia\/lily-hooper-hiker-death-scli-intl\" class=\"_link_16k26_32\" rel=\"nofollow noopener\" target=\"_blank\">enligt CNN.<\/a><\/p>\n<p> Hittade 18-\u00e5ringens bil <\/p>\n<p class=\"_textTheme_4io5p_1 _paragraph_16k26_4 _paragraph_3ue4t_27 layout-component layout-normal layout-padded body-medium\">Lily Hooper, 18, l\u00e4mnade Oakdale i NSW den 12 augusti f\u00f6r att ge sig ut p\u00e5 vandring ensam i en n\u00e4rliggande nationalpark.<\/p>\n<p class=\"_textTheme_4io5p_1 _paragraph_16k26_4 _paragraph_3ue4t_27 layout-component layout-normal layout-padded body-medium\">Familjen rapporterade 18-\u00e5ringen saknad redan under samma kv\u00e4ll n\u00e4r hon inte \u00e5terv\u00e4nde hem.<\/p>\n<p class=\"_textTheme_4io5p_1 _paragraph_16k26_4 _paragraph_3ue4t_27 layout-component layout-normal layout-padded body-medium\">En stor s\u00f6kinsats inleddes i den sv\u00e5rtillg\u00e4ngliga terr\u00e4ngen.<\/p>\n<p class=\"_textTheme_4io5p_1 _paragraph_16k26_4 _paragraph_3ue4t_27 layout-component layout-normal layout-padded body-medium\">Ton\u00e5ringens bil hittades parkerad vid slutet av en vandringsled i parken.<\/p>\n<p class=\"_textTheme_4io5p_1 _paragraph_16k26_4 _paragraph_3ue4t_27 layout-component layout-normal layout-padded body-medium\">F\u00f6rst \u00e5tta dygn senare, klockan 11.30 p\u00e5 torsdagsf\u00f6rmiddagen lokal tid, hittade man Hoopers kropp g\u00f6md i djup vegetation.<\/p>\n<p> <img alt=\"En dalg\u00e5ng i Nattai.\" class=\"_image_1jxax_84 layout-component layout-normal\" data-fullscreen- data-track-element-type=\"Article image fullscreen\" data-track-name=\"ImageFullscreen\" decoding=\"async\" loading=\"lazy\" height=\"4983\" itemprop=\"image\"  src=\"https:\/\/www.europesays.com\/se\/wp-content\/uploads\/2026\/08\/6d9ff814-76a3-3f38-af03-e57e07cfb91c.jpeg\"  style=\"object-position:0% 0%\" width=\"8858\"\/>En dalg\u00e5ng i Nattai. Foto: AlamyVisa mer \u00d6desdigert misstag <\/p>\n<p class=\"_textTheme_4io5p_1 _paragraph_16k26_4 _paragraph_3ue4t_27 layout-component layout-normal layout-padded body-medium\">Men p\u00e5 grund av ett missf\u00f6rst\u00e5nd kring n\u00f6dkoder mellan olika myndigheter som var inblandade i s\u00f6koperationen trodde polisen felaktigt att hon var vid liv.<\/p>\n<p class=\"_textTheme_4io5p_1 _paragraph_16k26_4 _paragraph_3ue4t_27 layout-component layout-normal layout-padded body-medium\">Och den uppgiften f\u00f6rdes vidare till familjen \u2013 och allm\u00e4nheten.<\/p>\n<p class=\"_textTheme_4io5p_1 _paragraph_16k26_4 _paragraph_3ue4t_27 layout-component layout-normal layout-padded body-medium\">Delstatens premi\u00e4rminister Chris Minns uppgav i direkts\u00e4nd tv under ett senatsf\u00f6rh\u00f6r att Hooper hittats vid liv.<\/p>\n<p class=\"_textTheme_4io5p_1 _paragraph_16k26_4 _paragraph_3ue4t_27 layout-component layout-normal layout-padded body-medium\">Enligt CNN s\u00e5gs 18-\u00e5ringens familjemedlemmar jubla och fira p\u00e5 platsen d\u00e4r man s\u00f6kt efter den unga kvinnan.<\/p>\n<p class=\"_textTheme_4io5p_1 _paragraph_16k26_4 _paragraph_3ue4t_27 layout-component layout-normal layout-padded body-medium\">Men deras gl\u00e4dje f\u00f6rbyttes snabbt till djup sorg.<\/p>\n<p> Var lyckliga i \u00e5tta minuter <\/p>\n<p class=\"_textTheme_4io5p_1 _paragraph_16k26_4 _paragraph_3ue4t_27 layout-component layout-normal layout-padded body-medium\">Bitr\u00e4dande polischefen Joseph Cassar uppgav under en presstr\u00e4ff p\u00e5 torsdagen att det tog uppskattningsvis \u00e5tta till tio minuter innan familjen fick den uppdaterade informationen om att hon hittats d\u00f6d, <a href=\"https:\/\/www.newsweek.com\/who-is-lily-hooper-missing-teen-found-dead-after-initial-mix-up-12346089\" class=\"_link_16k26_32\" rel=\"nofollow noopener\" target=\"_blank\">skriver Newsweek<\/a>.<\/p>\n<p class=\"_textTheme_4io5p_1 _paragraph_16k26_4 _paragraph_3ue4t_27 layout-component layout-normal layout-padded body-medium\">Delstatens premi\u00e4rminister fick ocks\u00e5 ta tillbaka sitt gl\u00e4djebesked och meddela \u00f6vriga parlamentet och tv-tittarna att han var felinformerad.<\/p>\n<p class=\"_textTheme_4io5p_1 _paragraph_16k26_4 _paragraph_3ue4t_27 layout-component layout-normal layout-padded body-medium\">\u2013 Jag \u00e4r s\u00e5 oerh\u00f6rt ledsen f\u00f6r hennes familj, sa han.<\/p>\n<p class=\"_textTheme_4io5p_1 _paragraph_16k26_4 _paragraph_3ue4t_27 layout-component layout-normal layout-padded body-medium\"> Polisen ska nu utreda hur det kunde g\u00e5 s\u00e5 fel i kommunikationen.<\/p>\n<p> Bl\u00e5sigt och kallt <\/p>\n<p class=\"_textTheme_4io5p_1 _paragraph_16k26_4 _paragraph_3ue4t_27 layout-component layout-normal layout-padded body-medium\">\u2013 Missf\u00f6rst\u00e5ndet uppstod uppenbarligen ur gl\u00e4djen \u00f6ver att Lily hade hittats. Tragiskt nog ledde det missf\u00f6rst\u00e5ndet sedan till en stor besvikelse, s\u00e4ger polischefen Lanyon enligt CNN.<\/p>\n<p class=\"_textTheme_4io5p_1 _paragraph_16k26_4 _paragraph_3ue4t_27 layout-component layout-normal layout-padded body-medium\">Han uppger att kroppen l\u00e5g i ett avl\u00e4gset omr\u00e5de och att nyheten om fyndet sannolikt gick genom flera personer innan den n\u00e5dde polisen i kontakt med familjen.<\/p>\n<p> <img alt=\"Anthony Albanese.\" class=\"_image_1jxax_84 layout-component layout-normal\" data-fullscreen- data-track-element-type=\"Article image fullscreen\" data-track-name=\"ImageFullscreen\" decoding=\"async\" loading=\"lazy\" height=\"1482\" itemprop=\"image\"  src=\"https:\/\/www.europesays.com\/se\/wp-content\/uploads\/2026\/08\/cbdcf115-8f91-3fa6-bc98-10059e882f3c.jpeg\"  style=\"object-position:0% 0%\" width=\"2174\"\/>Anthony Albanese. Foto: Rick Rycroft \/AP\/ArkivVisa mer <\/p>\n<p class=\"_textTheme_4io5p_1 _paragraph_16k26_4 _paragraph_3ue4t_27 layout-component layout-normal layout-padded body-medium\">Australiens premi\u00e4rminister Anthony Albanese s\u00e4ger att d\u00f6dsfallet \u00e4r en \u201dofattbar tragedi\u201d och till\u00e4gger att \u201dLily Hooper hade s\u00e5 mycket mer att ge v\u00e4rlden.\u201d<\/p>\n<p class=\"_textTheme_4io5p_1 _paragraph_16k26_4 _paragraph_3ue4t_27 layout-component layout-normal layout-padded body-medium\">Nattai nationalpark ligger \u00e5tta mil fr\u00e5n Sydney och \u00e4r k\u00e4nd f\u00f6r sin kuperade terr\u00e4ng och sina enorma sandstensklippor.<\/p>\n<p class=\"_textTheme_4io5p_1 _paragraph_16k26_4 _paragraph_3ue4t_27 layout-component layout-normal layout-padded body-medium\">Under den senaste veckan har nationalparken haft h\u00e5rda vindar och kalla temperaturer nattetid, skriver CNN.<\/p>\n","protected":false},"excerpt":{"rendered":"Lily Hooper, 18, f\u00f6rsvann under en vandring i skogen. Efter \u00e5tta dygn fick familjen ett lyckobesked. \u00c5tta minuter&hellip;\n","protected":false},"author":2,"featured_media":346795,"comment_status":"","ping_status":"","sticky":false,"template":"","format":"standard","meta":{"footnotes":"","_share_on_mastodon":"0"},"categories":[14],"tags":[450,22,23,26,27,17,21,24,25,28,29,15,16,18,34,31,33,32,30,19,20,51,52,53,54],"class_list":["post-346794","post","type-post","status-publish","format-standard","has-post-thumbnail","category-varlden","tag-australien","tag-breaking-news","tag-breakingnews","tag-featured-news","tag-featurednews","tag-headlines","tag-huvudnyheter","tag-latest-news","tag-latestnews","tag-main-news","tag-mainnews","tag-news","tag-nyheter","tag-rubriker","tag-se","tag-svenska","tag-sverige","tag-sweden","tag-swedish","tag-top-stories","tag-topstories","tag-varlden","tag-world","tag-world-news","tag-worldnews"],"share_on_mastodon":{"url":"https:\/\/pubeurope.com\/@se\/117130227491828810","error":""},"_links":{"self":[{"href":"https:\/\/www.europesays.com\/se\/wp-json\/wp\/v2\/posts\/346794","targetHints":{"allow":["GET"]}}],"collection":[{"href":"https:\/\/www.europesays.com\/se\/wp-json\/wp\/v2\/posts"}],"about":[{"href":"https:\/\/www.europesays.com\/se\/wp-json\/wp\/v2\/types\/post"}],"author":[{"embeddable":true,"href":"https:\/\/www.europesays.com\/se\/wp-json\/wp\/v2\/users\/2"}],"replies":[{"embeddable":true,"href":"https:\/\/www.europesays.com\/se\/wp-json\/wp\/v2\/comments?post=346794"}],"version-history":[{"count":0,"href":"https:\/\/www.europesays.com\/se\/wp-json\/wp\/v2\/posts\/346794\/revisions"}],"wp:featuredmedia":[{"embeddable":true,"href":"https:\/\/www.europesays.com\/se\/wp-json\/wp\/v2\/media\/346795"}],"wp:attachment":[{"href":"https:\/\/www.europesays.com\/se\/wp-json\/wp\/v2\/media?parent=346794"}],"wp:term":[{"taxonomy":"category","embeddable":true,"href":"https:\/\/www.europesays.com\/se\/wp-json\/wp\/v2\/categories?post=346794"},{"taxonomy":"post_tag","embeddable":true,"href":"https:\/\/www.europesays.com\/se\/wp-json\/wp\/v2\/tags?post=346794"}],"curies":[{"name":"wp","href":"https:\/\/api.w.org\/{rel}","templated":true}]}}