{"id":346810,"date":"2026-08-20T23:25:15","date_gmt":"2026-08-20T23:25:15","guid":{"rendered":"https:\/\/www.europesays.com\/se\/346810\/"},"modified":"2026-08-20T23:25:15","modified_gmt":"2026-08-20T23:25:15","slug":"varningen-regnomradena-lamnar-ju-inte-riktigt-2","status":"publish","type":"post","link":"https:\/\/www.europesays.com\/se\/346810\/","title":{"rendered":"Varningen: \u201dRegnomr\u00e5dena l\u00e4mnar ju inte riktigt\u201d"},"content":{"rendered":"<p>  <a class=\"_link_1lr5y_108\" href=\"https:\/\/aftonbladet.se\/av\/ebba-torstensson\" title=\"Ebba Torstensson\" rel=\"nofollow noopener\" target=\"_blank\"><img alt=\"Bild av Ebba Torstensson\" class=\"_image_1lr5y_85\" fetchpriority=\"low\" decoding=\"async\" itemprop=\"image\" loading=\"lazy\"  src=\"https:\/\/www.europesays.com\/se\/wp-content\/uploads\/2026\/08\/1787268312_424_89f1a0bd-d455-4a0b-a592-696453cda3ba.png\"  width=\"480\"\/><\/a> <\/p>\n<ul class=\"_gallery_1f6gv_33\" tabindex=\"0\">\n<li class=\"_item_1f6gv_64\" data-index=\"0\"><img fetchpriority=\"high\" decoding=\"async\" alt=\"\" class=\"_image_1rh6a_27 _introGallery_1rh6a_47\" data-fullscreen- width=\"2806\" height=\"1471\" itemprop=\"image\" loading=\"eager\"  src=\"https:\/\/www.europesays.com\/se\/wp-content\/uploads\/2026\/08\/1787268313_966_ea083b0c-fdd0-3f21-b7c2-a488fa77e22d.jpeg\"  style=\"object-position:50% 50%;aspect-ratio:var(--gallery-aspect-ratio, 16 \/ 9)\"\/>Foto: Magnus Grimstedt\/TT<\/li>\n<li class=\"_item_1f6gv_64\" data-index=\"1\"><img decoding=\"async\" alt=\"\" class=\"_image_1rh6a_27 _introGallery_1rh6a_47\" data-fullscreen- width=\"2030\" height=\"1494\" itemprop=\"image\" loading=\"lazy\"  src=\"https:\/\/www.europesays.com\/se\/wp-content\/uploads\/2026\/08\/1787268313_105_d9b14731-d4c3-30cb-b77a-ee28ad91e067.jpeg\"  style=\"object-position:50% 50%;aspect-ratio:var(--gallery-aspect-ratio, 16 \/ 9)\"\/>Foto: Schibsted<\/li>\n<li class=\"_item_1f6gv_64\" data-index=\"2\"><img decoding=\"async\" alt=\"\" class=\"_image_1rh6a_27 _introGallery_1rh6a_47\" data-fullscreen- width=\"3543\" height=\"2305\" itemprop=\"image\" loading=\"lazy\"  src=\"https:\/\/www.europesays.com\/se\/wp-content\/uploads\/2026\/08\/1787268314_85_8f5168a7-472b-3b43-aefc-a33791c69309.jpeg\"  style=\"object-position:50% 50%;aspect-ratio:var(--gallery-aspect-ratio, 16 \/ 9)\"\/>Foto: Magnus Grimstedt\/TT<\/li>\n<\/ul>\n<p>Foto: Magnus Grimstedt\/TT<\/p>\n<p class=\"_textTheme_4io5p_1 _lead_16k26_2 _lead_3ue4t_18 layout-component layout-normal layout-padded _lead_o6m9k_5 _leadTheme_cypwp_1 body-large bold\">Regnet i norra Sverige riskerar att skapa problem.<\/p>\n<p class=\"_textTheme_4io5p_1 _lead_16k26_2 _lead_3ue4t_18 layout-component layout-normal layout-padded _lead_o6m9k_5 _leadTheme_cypwp_1 body-large bold\">P\u00e5 vissa h\u00e5ll \u00e4r nederb\u00f6rden ovanligt h\u00f6g och SMHI varnar f\u00f6r \u00f6versv\u00e4mningar. <\/p>\n<p class=\"_textTheme_4io5p_1 _lead_16k26_2 _lead_3ue4t_18 layout-component layout-normal layout-padded _lead_o6m9k_5 _leadTheme_cypwp_1 body-large bold\">\u2013 Det \u00e4r ganska stora m\u00e4ngder det handlar om, s\u00e4ger Lasse Rydqvist, meteorolog p\u00e5 Klart.<\/p>\n<p class=\"_textTheme_4io5p_1 _paragraph_16k26_4 _paragraph_3ue4t_27 layout-component layout-normal layout-padded body-medium\">Regn har dominerat i augusti i norra Sverige. Faktum \u00e4r att det i Norrbotten varit fyra g\u00e5nger mer regn \u00e4n vanligt f\u00f6r m\u00e5naden. De kommande dagarna tenderar det att bli mer.<\/p>\n<p class=\"_textTheme_4io5p_1 _paragraph_16k26_4 _paragraph_3ue4t_27 layout-component layout-normal layout-padded body-medium\">\u2013 De h\u00e4r regnomr\u00e5dena l\u00e4mnar ju inte riktigt norra Norrland. Det kan ju absolut komma ytterligare 60 till 80 millimeter i de h\u00e4r trakterna, om man ser till den h\u00e4r veckan, s\u00e4ger Klarts meteorolog Lasse Rydqvist.<\/p>\n<p class=\"_textTheme_4io5p_1 _paragraph_16k26_4 _paragraph_3ue4t_27 layout-component layout-normal layout-padded body-medium\">SMHI har utf\u00e4rdat en gul varning f\u00f6r stora regnm\u00e4ngder i ett st\u00f6rre omr\u00e5de i centrala Norrbotten under onsdagen.<\/p>\n<p> <img alt=\"SMHI varnar f\u00f6r h\u00f6ga fl\u00f6den och \u00f6versv\u00e4mningar.\" class=\"_image_1jxax_84 layout-component layout-normal\" data-fullscreen- data-track-element-type=\"Article image fullscreen\" data-track-name=\"ImageFullscreen\" decoding=\"async\" loading=\"lazy\" height=\"521\" itemprop=\"image\"  src=\"https:\/\/www.europesays.com\/se\/wp-content\/uploads\/2026\/08\/1787268315_700_b2b9d5a1-738b-3076-953b-474f8d63e11f.png\"  style=\"object-position:0% 0%\" width=\"850\"\/>SMHI varnar f\u00f6r h\u00f6ga fl\u00f6den och \u00f6versv\u00e4mningar. Foto: SMHIVisa mer Orange varning p\u00e5 g\u00e5ng <\/p>\n<p class=\"_textTheme_4io5p_1 _paragraph_16k26_4 _paragraph_3ue4t_27 layout-component layout-normal layout-padded body-medium\">Under torsdagen och fredagen \u00e4r det \u00f6stra Norrbottens l\u00e4n som \u00e4r v\u00e4rst drabbat. F\u00f6r detta har SMHI utf\u00e4rdat en orange varning f\u00f6r h\u00f6ga fl\u00f6den. D\u00e4r ligger bland annat Boden med omnejd i farozonen med en orange \u00f6versv\u00e4mningsvarning.<\/p>\n<p class=\"_textTheme_4io5p_1 _paragraph_16k26_4 _paragraph_3ue4t_27 layout-component layout-normal layout-padded body-medium\">\u2013 I Boden fick man till exempel 38 millimeter den 7 augusti och i f\u00f6rrg\u00e5r fick man 55, och i g\u00e5r kom det 16 millimeter. S\u00e5 det \u00e4r ganska mycket vatten som marken har sv\u00e5rt att plocka upp s\u00e5 h\u00e4r \u00e5rs, s\u00e4ger Rydqvist.<\/p>\n<p class=\"_textTheme_4io5p_1 _paragraph_16k26_4 _paragraph_3ue4t_27 layout-component layout-normal layout-padded body-medium\">Det h\u00e4r riskerar att drabba b\u00e5de folks hem och i samh\u00e4llet.<\/p>\n<p class=\"_textTheme_4io5p_1 _paragraph_16k26_4 _paragraph_3ue4t_27 layout-component layout-normal layout-padded body-medium\">\u2013 I trafiken kan det bli lite s\u00e4mre framkomlighet. Man kan komma att st\u00e4nga av v\u00e4gar och s\u00e5d\u00e4r.<\/p>\n<p> <img alt=\"Badbryggan vid Svart\u00e5n i Karbenningby i V\u00e4stmanland st\u00e5r p\u00e5 torra land.\" class=\"_image_1jxax_84 layout-component layout-normal\" data-fullscreen- data-track-element-type=\"Article image fullscreen\" data-track-name=\"ImageFullscreen\" decoding=\"async\" loading=\"lazy\" height=\"4527\" itemprop=\"image\"  src=\"https:\/\/www.europesays.com\/se\/wp-content\/uploads\/2026\/08\/1787268315_336_1215d8a1-ff7b-3f43-a7c0-ea7e574b3f41.jpeg\"  style=\"object-position:0% 0%\" width=\"6546\"\/>Badbryggan vid Svart\u00e5n i Karbenningby i V\u00e4stmanland st\u00e5r p\u00e5 torra land. Foto: Fredrik Sandberg \/TTVisa mer \u201dToktorka i s\u00f6der\u201d <\/p>\n<p class=\"_textTheme_4io5p_1 _paragraph_16k26_4 _paragraph_3ue4t_27 layout-component layout-normal layout-padded body-medium\">Sommarens v\u00e4der har inte kunnat ena landet. S\u00f6dra Sverige har dragits med v\u00e4rmeb\u00f6ljor om vartannat efter v\u00e4rme fr\u00e5n Sydeuropa, n\u00e5got som inte n\u00e5tt till de norra delarna, f\u00f6rklarar Lasse Rydqvist.<\/p>\n<p class=\"_textTheme_4io5p_1 _paragraph_16k26_4 _paragraph_3ue4t_27 layout-component layout-normal layout-padded body-medium\">\u2013 Man kan s\u00e4ga att norra halvan av landet har haft det p\u00e5 ett helt annat s\u00e4tt \u00e4n s\u00f6dra halvan. Sen n\u00e4r man kommer n\u00e4rmast Norrlandskusten, d\u00e5 har man kunnat se n\u00e5gra dagar med h\u00f6gsommarv\u00e4rme \u00e4nd\u00e5, men det upplevs inte alls som samma sommar.<\/p>\n<p class=\"_textTheme_4io5p_1 _paragraph_16k26_4 _paragraph_3ue4t_27 layout-component layout-normal layout-padded body-medium\">Skillnaderna verkar h\u00e5lla i sig.<\/p>\n<p class=\"_textTheme_4io5p_1 _paragraph_16k26_4 _paragraph_3ue4t_27 layout-component layout-normal layout-padded body-medium\">\u2013 Om de har \u00f6versv\u00e4mning har vi toktorka i s\u00f6der. <\/p>\n","protected":false},"excerpt":{"rendered":"Foto: Magnus Grimstedt\/TT Foto: Schibsted Foto: Magnus Grimstedt\/TT Foto: Magnus Grimstedt\/TT Regnet i norra Sverige riskerar att skapa&hellip;\n","protected":false},"author":2,"featured_media":346811,"comment_status":"","ping_status":"","sticky":false,"template":"","format":"standard","meta":{"footnotes":"","_share_on_mastodon":"0"},"categories":[5],"tags":[22,23,26,27,17,21,528,24,25,28,29,15,841,16,6034,18,34,842,31,33,32,30,19,20,693],"class_list":["post-346810","post","type-post","status-publish","format-standard","has-post-thumbnail","category-rubriker","tag-breaking-news","tag-breakingnews","tag-featured-news","tag-featurednews","tag-headlines","tag-huvudnyheter","tag-klimat-miljo","tag-latest-news","tag-latestnews","tag-main-news","tag-mainnews","tag-news","tag-norrbottens-lan","tag-nyheter","tag-oversvamningar","tag-rubriker","tag-se","tag-smhi","tag-svenska","tag-sverige","tag-sweden","tag-swedish","tag-top-stories","tag-topstories","tag-vader"],"share_on_mastodon":{"url":"https:\/\/pubeurope.com\/@se\/117130424168094696","error":""},"_links":{"self":[{"href":"https:\/\/www.europesays.com\/se\/wp-json\/wp\/v2\/posts\/346810","targetHints":{"allow":["GET"]}}],"collection":[{"href":"https:\/\/www.europesays.com\/se\/wp-json\/wp\/v2\/posts"}],"about":[{"href":"https:\/\/www.europesays.com\/se\/wp-json\/wp\/v2\/types\/post"}],"author":[{"embeddable":true,"href":"https:\/\/www.europesays.com\/se\/wp-json\/wp\/v2\/users\/2"}],"replies":[{"embeddable":true,"href":"https:\/\/www.europesays.com\/se\/wp-json\/wp\/v2\/comments?post=346810"}],"version-history":[{"count":0,"href":"https:\/\/www.europesays.com\/se\/wp-json\/wp\/v2\/posts\/346810\/revisions"}],"wp:featuredmedia":[{"embeddable":true,"href":"https:\/\/www.europesays.com\/se\/wp-json\/wp\/v2\/media\/346811"}],"wp:attachment":[{"href":"https:\/\/www.europesays.com\/se\/wp-json\/wp\/v2\/media?parent=346810"}],"wp:term":[{"taxonomy":"category","embeddable":true,"href":"https:\/\/www.europesays.com\/se\/wp-json\/wp\/v2\/categories?post=346810"},{"taxonomy":"post_tag","embeddable":true,"href":"https:\/\/www.europesays.com\/se\/wp-json\/wp\/v2\/tags?post=346810"}],"curies":[{"name":"wp","href":"https:\/\/api.w.org\/{rel}","templated":true}]}}