{"id":347010,"date":"2026-08-21T05:49:26","date_gmt":"2026-08-21T05:49:26","guid":{"rendered":"https:\/\/www.europesays.com\/se\/347010\/"},"modified":"2026-08-21T05:49:26","modified_gmt":"2026-08-21T05:49:26","slug":"falloknastiftelsen-kravs-pa-svar-av-lansstyrelsen","status":"publish","type":"post","link":"https:\/\/www.europesays.com\/se\/347010\/","title":{"rendered":"F\u00e5ll\u00f6knastiftelsen kr\u00e4vs p\u00e5 svar av L\u00e4nsstyrelsen"},"content":{"rendered":"\n<p class=\"_textTheme_4io5p_1 _paragraph_16k26_4 _paragraph_3ue4t_27 layout-component layout-normal layout-padded body-medium\">Tillsynen mot F\u00e5ll\u00f6knastiftelsen sattes ig\u00e5ng av L\u00e4nsstyrelsen i \u00d6rebro i mitten av juni \u2013 tio dagar efter att Aftonbladet b\u00f6rjat publicera de f\u00f6rsta delarna av granskningen av stiftelsen.<\/p>\n<p class=\"_textTheme_4io5p_1 _paragraph_16k26_4 _paragraph_3ue4t_27 layout-component layout-normal layout-padded body-medium\">Stiftelsen sj\u00f6sattes av statsministerns fru Birgitta Ed tillsammans med hennes v\u00e4n och tidigare lobbyistkollega G\u00f6ran Thorstensson 2023 i samband med att de, tillsammans med Ulf Kristersson, k\u00f6pte herrg\u00e5rden F\u00e5ll\u00f6kna. <\/p>\n<p> <img alt=\"Birgitta Ed och Ulf Kristersson.\" class=\"_image_1jxax_84 layout-component layout-normal\" data-fullscreen- data-track-element-type=\"Article image fullscreen\" data-track-name=\"ImageFullscreen\" decoding=\"async\" loading=\"lazy\" height=\"5504\" itemprop=\"image\"  src=\"https:\/\/www.europesays.com\/se\/wp-content\/uploads\/2026\/08\/1d20f336-48ec-3d81-b56f-cf8cd4045c59.jpeg\"  style=\"object-position:0% 0%\" width=\"8256\"\/>Birgitta Ed och Ulf Kristersson. Foto: Jonas Ekstr\u00f6mer\/TTVisa mer <\/p>\n<p class=\"_textTheme_4io5p_1 _paragraph_16k26_4 _paragraph_3ue4t_27 layout-component layout-normal layout-padded body-medium\">Aftonbladet kunde avsl\u00f6ja att stiftelsen anlitar volont\u00e4rer f\u00f6r att rusta herrg\u00e5rden, att privata donationer drivs in f\u00f6r upprustningen fr\u00e5n anonyma givare och att Birgitta Ed var den enda i styrelsen som fick betalt.<\/p>\n<p class=\"_textTheme_4io5p_1 _paragraph_16k26_4 _paragraph_3ue4t_27 layout-component layout-normal layout-padded body-medium\">I ett brev till stiftelsen f\u00f6rklarar L\u00e4nsstyrelsen att man har skyldighet att ingripa om det kan antas att stiftelsen inte f\u00f6ljer reglerna eller lagen. Det finns \u201dbehov av f\u00f6rklaringar\u201d avseende styrelsens arbete.<\/p>\n<p class=\"_textTheme_4io5p_1 _paragraph_16k26_4 _paragraph_3ue4t_27 layout-component layout-normal layout-padded body-medium\">L\u00e4nsstyrelsen kr\u00e4ver att styrelsen svarar p\u00e5 fyra fr\u00e5gor:<\/p>\n<p class=\"_textTheme_4io5p_1 _paragraph_16k26_4 _paragraph_3ue4t_27 layout-component layout-normal layout-padded body-medium\"><strong class=\"_strong_16k26_20\">1. Vad h\u00e4nder med donationerna?<\/strong><\/p>\n<p class=\"_textTheme_4io5p_1 _paragraph_16k26_4 _paragraph_3ue4t_27 layout-component layout-normal layout-padded body-medium\">P\u00e5 ett st\u00e4lle har stiftelsen redovisat g\u00e5vor f\u00f6r 370\u00a0000 kronor i fjol. P\u00e5 ett annat uppger man 500\u00a0000 kronor. Varf\u00f6r skiljer sig uppgifterna \u00e5t, och vad anv\u00e4nds pengarna till?<\/p>\n<p class=\"_textTheme_4io5p_1 _paragraph_16k26_4 _paragraph_3ue4t_27 layout-component layout-normal layout-padded body-medium\"><strong class=\"_strong_16k26_20\">2. Hur rimmar detta med existentiell h\u00e4lsa?<\/strong><\/p>\n<p class=\"_textTheme_4io5p_1 _paragraph_16k26_4 _paragraph_3ue4t_27 layout-component layout-normal layout-padded body-medium\">En annan fr\u00e5ga handlar om stiftelsens \u00e4ndam\u00e5l, som \u00e4r \u201datt med kristna v\u00e4rderingar som grund fr\u00e4mja m\u00e4nniskors existentiella h\u00e4lsa\u201d. Hur g\u00f6r man tolkningen att det h\u00e4r \u00e4r i linje med att \u201dstiftelsens tillg\u00e5ngar anv\u00e4nds till underh\u00e5ll av och f\u00f6rb\u00e4ttringar p\u00e5 annans fastighet\u201d? undrar myndigheten.<\/p>\n<p class=\"_textTheme_4io5p_1 _paragraph_16k26_4 _paragraph_3ue4t_27 layout-component layout-normal layout-padded body-medium\"><strong class=\"_strong_16k26_20\">3. Varf\u00f6r f\u00e5r Birgitta Ed pengar?<\/strong><\/p>\n<p class=\"_textTheme_4io5p_1 _paragraph_16k26_4 _paragraph_3ue4t_27 layout-component layout-normal layout-padded body-medium\">L\u00e4nsstyrelsen konstaterar att stiftelsef\u00f6rordnandet \u2013 den handling som stiftarna Birgitta Ed och G\u00f6ran Thorsensson \u2013 l\u00e4mnat in till myndigheten, och som s\u00e4tter reglerna f\u00f6r stiftelsens f\u00f6rvaltning \u2013 stipulerar att n\u00e5got \u201darvode ej f\u00e5r utg\u00e5 till styrelseledam\u00f6terna\u201d.<\/p>\n<p class=\"_textTheme_4io5p_1 _paragraph_16k26_4 _paragraph_3ue4t_27 layout-component layout-normal layout-padded body-medium\">\u00c4nd\u00e5 har Birgitta Ed, som enda ledamot, f\u00e5tt ett arvode p\u00e5 22\u00a0500 kronor i m\u00e5naden. L\u00e4nsstyrelsen vill ha en f\u00f6rklaring.<\/p>\n<p class=\"_textTheme_4io5p_1 _paragraph_16k26_4 _paragraph_3ue4t_27 layout-component layout-normal layout-padded body-medium\"><strong class=\"_strong_16k26_20\">4. Hur ser hyresavtalet ut?<\/strong><\/p>\n<p class=\"_textTheme_4io5p_1 _paragraph_16k26_4 _paragraph_3ue4t_27 layout-component layout-normal layout-padded body-medium\">Dessutom vill man se hyresavtalet mellan fastighets\u00e4garna (Birgitta Ed och G\u00f6ran Thorstensson) och hyresg\u00e4sterna \u2013 Eds och Thorstenssons stiftelse.<\/p>\n<p> <img alt=\"V\u00e4ng\u00e5rden F\u00e5ll\u00f6kna, herrg\u00e5rden som \u00e4gs av Birgitta Ed och G\u00f6ran Thorstenson.\" class=\"_image_1jxax_84 layout-component layout-normal\" data-fullscreen- data-track-element-type=\"Article image fullscreen\" data-track-name=\"ImageFullscreen\" decoding=\"async\" loading=\"lazy\" height=\"2496\" itemprop=\"image\"  src=\"https:\/\/www.europesays.com\/se\/wp-content\/uploads\/2026\/08\/82a1dc52-0370-3316-8ba9-59d023c8ad16.jpeg\"  style=\"object-position:0% 0%\" width=\"3744\"\/>V\u00e4ng\u00e5rden F\u00e5ll\u00f6kna, herrg\u00e5rden som \u00e4gs av Birgitta Ed och G\u00f6ran Thorstenson. Foto: Jerker IvarssonVisa mer \u201dVill utveckla milj\u00f6n\u201d <\/p>\n<p class=\"_textTheme_4io5p_1 _paragraph_16k26_4 _paragraph_3ue4t_27 layout-component layout-normal layout-padded body-medium\">F\u00e5ll\u00f6knastiftelsens styrelse har i juli kommit in med svar p\u00e5 fr\u00e5gorna i utredningen. <\/p>\n<p class=\"_textTheme_4io5p_1 _paragraph_16k26_4 _paragraph_3ue4t_27 layout-component layout-normal layout-padded body-medium\">D\u00e4r uppger man att knappt 500\u00a0000 kronor samlats in f\u00f6r att laga en bro. Men att bara en viss del har anv\u00e4nts f\u00f6r detta. Resten har avsatts i en fond f\u00f6r kommande \u201dutveckling av milj\u00f6n\u201d.<\/p>\n<p class=\"_textTheme_4io5p_1 _paragraph_16k26_4 _paragraph_3ue4t_27 layout-component layout-normal layout-padded body-medium\">Administrativa kostnader har kunnat t\u00e4ckas genom en enda, riktad, donation p\u00e5 100\u00a0000 kronor, uppger stiftelsen i svaret. Men vilka som donerat pengar till stiftelsen redovisas inte.<\/p>\n<p class=\"_textTheme_4io5p_1 _paragraph_16k26_4 _paragraph_3ue4t_27 layout-component layout-normal layout-padded body-medium\">Varf\u00f6r man anv\u00e4nder pengar f\u00f6r existentiell h\u00e4lsa till att rusta sin privata egendom, \u00e4r bland annat f\u00f6r att g\u00f6ra \u00f6n tillg\u00e4nglig f\u00f6r bes\u00f6kare, uppger styrelsen i sitt svar.<\/p>\n<p> <img alt=\"Ulf Kristersson och Birgitta Ed.\" class=\"_image_1jxax_84 layout-component layout-normal\" data-fullscreen- data-track-element-type=\"Article image fullscreen\" data-track-name=\"ImageFullscreen\" decoding=\"async\" loading=\"lazy\" height=\"2556\" itemprop=\"image\"  src=\"https:\/\/www.europesays.com\/se\/wp-content\/uploads\/2026\/08\/7cc186ce-4805-30e0-8cef-0e2d0d0abcab.jpeg\"  style=\"object-position:0% 0%\" width=\"3682\"\/>Ulf Kristersson och Birgitta Ed. Foto: Nils Petter NilssonVisa mer Gick ned i tid som pr\u00e4st <\/p>\n<p class=\"_textTheme_4io5p_1 _paragraph_16k26_4 _paragraph_3ue4t_27 layout-component layout-normal layout-padded body-medium\">Anledningen till att Birgitta Ed \u00e4r den enda styrelseledamot som f\u00e5tt arvode, \u00e4r att hon f\u00e5tt en roll att utveckla stiftelsen och d\u00e4rf\u00f6r g\u00e5tt ned i tid fr\u00e5n sin tj\u00e4nst som pr\u00e4st.<\/p>\n<p class=\"_textTheme_4io5p_1 _paragraph_16k26_4 _paragraph_3ue4t_27 layout-component layout-normal layout-padded body-medium\">Birgitta Ed har i juli loggat in med Bank-id f\u00f6r att l\u00e4mna kompletterande uppgifter till utredningen, visar dokument som Aftonbladet tagit del av.<\/p>\n<p class=\"_textTheme_4io5p_1 _paragraph_16k26_4 _paragraph_3ue4t_27 layout-component layout-normal layout-padded body-medium\">Utredningen av F\u00e5ll\u00f6knastiftelsen p\u00e5g\u00e5r fortfarande, uppger L\u00e4nsstyrelsen i \u00d6rebro.<\/p>\n<p class=\"_textTheme_4io5p_1 _paragraph_16k26_4 _paragraph_3ue4t_27 layout-component layout-normal layout-padded body-medium\">\u2013 Det har varit m\u00e5nga turer fram och tillbaka med kompletteringar, s\u00e4ger presschefen Tina Wilhelmsson.<\/p>\n<p> <img alt=\"Pr\u00e4sten Thorbj\u00f6rn Larsson \u00e4r ordf\u00f6rande i F\u00e5ll\u00f6knastiftelsen. H\u00e4r p\u00e5 F\u00e5ll\u00f6kna V\u00e4ng\u00e5rd intill Birgitta Eds syster Marita Bildt, \u00e4ven hon medlem i styrelsen.\" class=\"_image_1jxax_84 layout-component layout-normal\" data-fullscreen- data-track-element-type=\"Article image fullscreen\" data-track-name=\"ImageFullscreen\" decoding=\"async\" loading=\"lazy\" height=\"512\" itemprop=\"image\"  src=\"https:\/\/www.europesays.com\/se\/wp-content\/uploads\/2026\/08\/a7b18f82-2771-3778-8384-a12d857e8c8e.jpeg\"  style=\"object-position:0% 0%\" width=\"816\"\/>Pr\u00e4sten Thorbj\u00f6rn Larsson \u00e4r ordf\u00f6rande i F\u00e5ll\u00f6knastiftelsen. H\u00e4r p\u00e5 F\u00e5ll\u00f6kna V\u00e4ng\u00e5rd intill Birgitta Eds syster Marita Bildt, \u00e4ven hon medlem i styrelsen. Foto: F\u00e5ll\u00f6knastiftelsen\/FacebookVisa mer <\/p>\n<p class=\"_textTheme_4io5p_1 _paragraph_16k26_4 _paragraph_3ue4t_27 layout-component layout-normal layout-padded body-medium\">F\u00e5ll\u00f6knastiftelsens ordf\u00f6rande Thorbj\u00f6rn Larsson har hittills inte velat st\u00e4lla upp p\u00e5 intervju, men svarar nu n\u00e4r Aftonbladet ringer. Han beskriver att stiftelsen redan svarat p\u00e5 L\u00e4nsstyrelsens tillsynsfr\u00e5gor, och att myndigheten f\u00e5r h\u00f6ra av sig om de undrar n\u00e5got mer.<\/p>\n<p class=\"_textTheme_4io5p_1 _paragraph_16k26_4 _paragraph_3ue4t_27 layout-component layout-normal layout-padded body-medium\"><strong class=\"_strong_16k26_20\">Vilka \u00e4r det som har donerat pengar till stiftelsen?<\/strong><\/p>\n<p class=\"_textTheme_4io5p_1 _paragraph_16k26_4 _paragraph_3ue4t_27 layout-component layout-normal layout-padded body-medium\">\u2013\u00a0Det kan jag inte svara p\u00e5. Jag har h\u00e5llit p\u00e5 med fundraising i 25 \u00e5r och samlat in flera hundra miljoner till andra organisationer, s\u00e5 jag f\u00f6rst\u00e5r inte riktigt din fr\u00e5ga.<\/p>\n<p class=\"_textTheme_4io5p_1 _paragraph_16k26_4 _paragraph_3ue4t_27 layout-component layout-normal layout-padded body-medium\"><strong class=\"_strong_16k26_20\">Det kan ju ses som intressant att veta vilka donatorerna \u00e4r, eftersom stiftelsen erbjuder ett \u201dbra n\u00e4tverk\u201d, och d\u00e4r ing\u00e5r statsministerns fru \u2013 och \u00e4ven statsministern deltar ju i volont\u00e4rtr\u00e4ffar?<\/strong><\/p>\n<p class=\"_textTheme_4io5p_1 _paragraph_16k26_4 _paragraph_3ue4t_27 layout-component layout-normal layout-padded body-medium\">\u2013\u00a0Vem har erbjudit ett bra n\u00e4tverk?<\/p>\n<p> <img alt=\"P\u00e5 F\u00e5ll\u00f6knastiftelsens hemsida lockas volont\u00e4rer med ett \u201dbra n\u00e4tverk\u201d.\" class=\"_image_1jxax_84 layout-component layout-normal\" data-fullscreen- data-track-element-type=\"Article image fullscreen\" data-track-name=\"ImageFullscreen\" decoding=\"async\" loading=\"lazy\" height=\"886\" itemprop=\"image\"  src=\"https:\/\/www.europesays.com\/se\/wp-content\/uploads\/2026\/08\/8256f6ce-31c9-3bd5-ac1c-97a3188fda7a.png\"  style=\"object-position:0% 0%\" width=\"1844\"\/>P\u00e5 F\u00e5ll\u00f6knastiftelsens hemsida lockas volont\u00e4rer med ett \u201dbra n\u00e4tverk\u201d. Foto: F\u00e5ll\u00f6knastiftelsenVisa mer <\/p>\n<p class=\"_textTheme_4io5p_1 _paragraph_16k26_4 _paragraph_3ue4t_27 layout-component layout-normal layout-padded body-medium\"><strong class=\"_strong_16k26_20\">Det st\u00e5r s\u00e5 p\u00e5 F\u00e5ll\u00f6knastiftelsens hemsida.<\/strong><\/p>\n<p class=\"_textTheme_4io5p_1 _paragraph_16k26_4 _paragraph_3ue4t_27 layout-component layout-normal layout-padded body-medium\"><strong class=\"_strong_16k26_20\">\u2013 <\/strong>D\u00e5 m\u00e5ste jag titta p\u00e5 det. Men det finns massor av ideella organisationer som bygger p\u00e5 att engagerade m\u00e4nniskor hj\u00e4lper till. \u00c4r det det du tycker \u00e4r konstigt, eller vad \u00e4r grejen?<\/p>\n<p class=\"_textTheme_4io5p_1 _paragraph_16k26_4 _paragraph_3ue4t_27 layout-component layout-normal layout-padded body-medium\"><strong class=\"_strong_16k26_20\">Det kan ju vara intressant f\u00f6r allm\u00e4nheten att f\u00e5 veta vilka som ger stora donationer till en stiftelse som st\u00e5r s\u00e5 n\u00e4ra statsministern?<\/strong><\/p>\n<p class=\"_textTheme_4io5p_1 _paragraph_16k26_4 _paragraph_3ue4t_27 layout-component layout-normal layout-padded body-medium\"><strong class=\"_strong_16k26_20\">\u2013 <\/strong>Vad \u00e4r det som \u00e4r intressant med att det st\u00e5r n\u00e4ra statsministern, menar du?<\/p>\n<p class=\"_textTheme_4io5p_1 _paragraph_16k26_4 _paragraph_3ue4t_27 layout-component layout-normal layout-padded body-medium\"><strong class=\"_strong_16k26_20\">Eftersom man vill kunna se vilka det \u00e4r \u2013 om det till exempel \u00e4r personer som gynnas av regeringens beslut?<\/strong><\/p>\n<p class=\"_textTheme_4io5p_1 _paragraph_16k26_4 _paragraph_3ue4t_27 layout-component layout-normal layout-padded body-medium\"><strong class=\"_strong_16k26_20\">\u2013 <\/strong>Det d\u00e4r l\u00e5ter l\u00e5ngs\u00f6kt i mina \u00f6ron, s\u00e5 jag tror du f\u00e5r prata med n\u00e5gon annan om det.<\/p>\n<p> <img alt=\"De tv\u00e5 flyglarna p\u00e5 herrg\u00e5rden. De v\u00e4nstra \u00e4gs av Birgitta Ed och Ulf Kristersson, den h\u00f6gra av G\u00f6ran Thorstenson.\" class=\"_image_1jxax_84 layout-component layout-normal\" data-fullscreen- data-track-element-type=\"Article image fullscreen\" data-track-name=\"ImageFullscreen\" decoding=\"async\" loading=\"lazy\" height=\"5468\" itemprop=\"image\"  src=\"https:\/\/www.europesays.com\/se\/wp-content\/uploads\/2026\/08\/e48633a8-834a-3623-b598-d6ceb5a04428.jpeg\"  style=\"object-position:0% 0%\" width=\"8202\"\/>De tv\u00e5 flyglarna p\u00e5 herrg\u00e5rden. De v\u00e4nstra \u00e4gs av Birgitta Ed och Ulf Kristersson, den h\u00f6gra av G\u00f6ran Thorstenson. Foto: Pontus Lundahl\/TTVisa mer <\/p>\n<p class=\"_textTheme_4io5p_1 _paragraph_16k26_4 _paragraph_3ue4t_27 layout-component layout-normal layout-padded body-medium\">B\u00e5de Thorbj\u00f6rn Larsson som var direkt\u00f6r f\u00f6r Ersta diakoni och Ulf Kristersson, d\u00e5 socialborgarr\u00e5d i Stockholm, utreddes 2008 f\u00f6r mutbrott. Detta eftersom Kristersson fick ett hyreskontrakt p\u00e5 en av Ersta diakonis l\u00e4genheter p\u00e5 S\u00f6dermalm.<\/p>\n<p class=\"_textTheme_4io5p_1 _paragraph_16k26_4 _paragraph_3ue4t_27 layout-component layout-normal layout-padded body-medium\">\u2013\u00a0Det var f\u00f6r att ingen annan ville ha den som han fick den, s\u00e4ger Larsson till Aftonbladet i dag.<\/p>\n<p class=\"_textTheme_4io5p_1 _paragraph_16k26_4 _paragraph_3ue4t_27 layout-component layout-normal layout-padded body-medium\">B\u00e5da friades fr\u00e5n brottsmisstankar.<\/p>\n<p class=\"_textTheme_4io5p_1 _paragraph_16k26_4 _paragraph_3ue4t_27 layout-component layout-normal layout-padded body-medium\">Och nu styr allts\u00e5 Thorbj\u00f6rn Larsson statsministerns frus stiftelse. Han s\u00e4ger sig i dag inte vara v\u00e4n med Kristersson, bara bekant. Han f\u00f6rsvarar arvodet till Birgitta Ed trots stiftelsef\u00f6rordnandets f\u00f6rbud, eftersom det enligt honom inte \u00e4r f\u00f6r hennes styrelsearbete utan f\u00f6r en annan roll i stiftelsen som hon f\u00e5tt betalt. Samtidigt medger han:<\/p>\n<p class=\"_textTheme_4io5p_1 _paragraph_16k26_4 _paragraph_3ue4t_27 layout-component layout-normal layout-padded body-medium\">\u2013\u00a0Det \u00e4r m\u00f6jligt att vi inte har tolkat oss sj\u00e4lva r\u00e4tt.<\/p>\n<p class=\"_textTheme_4io5p_1 _paragraph_16k26_4 _paragraph_3ue4t_27 layout-component layout-normal layout-padded body-medium\"><strong class=\"_strong_16k26_20\">Det h\u00e4r som L\u00e4nsstyrelsen fr\u00e5gar om: Hur det rimmar med existentiell h\u00e4lsa att l\u00e5ta stiftelsens tillg\u00e5ngar f\u00f6rb\u00e4ttra en privat herrg\u00e5rd, vad s\u00e4ger du om det?<\/strong><\/p>\n<p class=\"_textTheme_4io5p_1 _paragraph_16k26_4 _paragraph_3ue4t_27 layout-component layout-normal layout-padded body-medium\">\u2013 Den ekonomiska mekanismen \u00e4r att vi snarare f\u00f6rs\u00e4mrar egendomens v\u00e4rde genom att bygga s\u00e5dant som inte \u00e4r l\u00f6nsamt och som \u00e4garna inte f\u00e5r betalt f\u00f6r. Vi \u00e4r inte i ett l\u00e4ge d\u00e4r verksamheten g\u00e5r runt eller ger ett \u00f6verskott \u2013 tv\u00e4rtom, s\u00e4ger Thorbj\u00f6rn Larsson.<\/p>\n<p class=\"_textTheme_4io5p_1 _paragraph_16k26_4 _paragraph_3ue4t_27 layout-component layout-normal layout-padded body-medium\">Under torsdagen har utredningen av Birgitta Eds l\u00e4mplighet som pr\u00e4st tagits upp av domkapitlet i Str\u00e4ngn\u00e4s, vid ett m\u00f6te. Besked om vad kyrkan kommit fram till v\u00e4ntas komma inom kort.<\/p>\n<p class=\"_textTheme_4io5p_1 _paragraph_16k26_4 _paragraph_3ue4t_27 layout-component layout-normal layout-padded body-medium\">Aftonbladet har s\u00f6kt Birgitta Ed.<\/p>\n<p class=\"color-accent label-medium _label_bv8db_22\">Fakta<\/p>\n<p>H\u00e4r \u00e4r hela granskningenL\u00e4s mer      <\/p>\n","protected":false},"excerpt":{"rendered":"Tillsynen mot F\u00e5ll\u00f6knastiftelsen sattes ig\u00e5ng av L\u00e4nsstyrelsen i \u00d6rebro i mitten av juni \u2013 tio dagar efter att&hellip;\n","protected":false},"author":2,"featured_media":347011,"comment_status":"","ping_status":"","sticky":false,"template":"","format":"standard","meta":{"footnotes":"","_share_on_mastodon":"0"},"categories":[12],"tags":[17626,22,23,26,27,17,21,24,25,28,29,15,16,18,34,1546,31,33,32,30,19,20,1111],"class_list":["post-347010","post","type-post","status-publish","format-standard","has-post-thumbnail","category-sverige","tag-birgitta-ed","tag-breaking-news","tag-breakingnews","tag-featured-news","tag-featurednews","tag-headlines","tag-huvudnyheter","tag-latest-news","tag-latestnews","tag-main-news","tag-mainnews","tag-news","tag-nyheter","tag-rubriker","tag-se","tag-strangnas","tag-svenska","tag-sverige","tag-sweden","tag-swedish","tag-top-stories","tag-topstories","tag-ulf-kristersson"],"share_on_mastodon":{"url":"https:\/\/pubeurope.com\/@se\/117131933923652331","error":""},"_links":{"self":[{"href":"https:\/\/www.europesays.com\/se\/wp-json\/wp\/v2\/posts\/347010","targetHints":{"allow":["GET"]}}],"collection":[{"href":"https:\/\/www.europesays.com\/se\/wp-json\/wp\/v2\/posts"}],"about":[{"href":"https:\/\/www.europesays.com\/se\/wp-json\/wp\/v2\/types\/post"}],"author":[{"embeddable":true,"href":"https:\/\/www.europesays.com\/se\/wp-json\/wp\/v2\/users\/2"}],"replies":[{"embeddable":true,"href":"https:\/\/www.europesays.com\/se\/wp-json\/wp\/v2\/comments?post=347010"}],"version-history":[{"count":0,"href":"https:\/\/www.europesays.com\/se\/wp-json\/wp\/v2\/posts\/347010\/revisions"}],"wp:featuredmedia":[{"embeddable":true,"href":"https:\/\/www.europesays.com\/se\/wp-json\/wp\/v2\/media\/347011"}],"wp:attachment":[{"href":"https:\/\/www.europesays.com\/se\/wp-json\/wp\/v2\/media?parent=347010"}],"wp:term":[{"taxonomy":"category","embeddable":true,"href":"https:\/\/www.europesays.com\/se\/wp-json\/wp\/v2\/categories?post=347010"},{"taxonomy":"post_tag","embeddable":true,"href":"https:\/\/www.europesays.com\/se\/wp-json\/wp\/v2\/tags?post=347010"}],"curies":[{"name":"wp","href":"https:\/\/api.w.org\/{rel}","templated":true}]}}