{"id":347172,"date":"2026-08-21T08:13:19","date_gmt":"2026-08-21T08:13:19","guid":{"rendered":"https:\/\/www.europesays.com\/se\/347172\/"},"modified":"2026-08-21T08:13:19","modified_gmt":"2026-08-21T08:13:19","slug":"norska-flygledare-gar-ut-i-strejk-helt-obegripligt","status":"publish","type":"post","link":"https:\/\/www.europesays.com\/se\/347172\/","title":{"rendered":"Norska flygledare g\u00e5r ut i strejk: \u201dHelt obegripligt\u201d"},"content":{"rendered":"<p>Det v\u00e4ntas kaos i den norska flygtrafiken p\u00e5 fredagen efter att flygledare under morgonen g\u00e5tt ut i strejk, rapporterar norska medier.<\/p>\n<p>Arbetsgivarf\u00f6reningen Spekters vd Anne-Kari Bratten kallar strejken f\u00f6r \u201dhelt obegriplig\u201d och s\u00e4ger till NRK att flygledare \u00e4r en av de b\u00e4st betalda grupperna i Norge.<\/p>\n<p>\u2013 Efter denna l\u00f6neuppg\u00f6relse skulle de ha haft en genomsnittsl\u00f6n p\u00e5 1,7 miljoner kronor, s\u00e4ger Bratten.<\/p>\n<p>Men Robert Gj\u00f8nnes p\u00e5 Norska flygtrafikledarf\u00f6reningen menar att flygledarna inte prim\u00e4rt kr\u00e4vt mer pengar, utan b\u00e4ttre villkor.<\/p>\n<p>Strejken kommer att orsaka f\u00f6rseningar och inst\u00e4llda avg\u00e5ngar fr\u00e5n Norges st\u00f6rsta flygplatser.<\/p>\n<p>Omni \u00e4r politiskt obundna och oberoende. Vi str\u00e4var efter att ge fler perspektiv p\u00e5 nyheterna. Har du fr\u00e5gor eller synpunkter kring v\u00e5r rapportering? <a href=\"https:\/\/omni.se\/norska-flygledare-gar-ut-i-strejk-helt-obegripligt\/a\/mailto:redaktion@omni.se\" class=\"ArticleActions-module-scss-module__w9u9BG__contactLink\" rel=\"nofollow noopener\" target=\"_blank\">Kontakta redaktionen<\/a><\/p>\n","protected":false},"excerpt":{"rendered":"Det v\u00e4ntas kaos i den norska flygtrafiken p\u00e5 fredagen efter att flygledare under morgonen g\u00e5tt ut i strejk,&hellip;\n","protected":false},"author":2,"featured_media":347173,"comment_status":"","ping_status":"","sticky":false,"template":"","format":"standard","meta":{"footnotes":"","_share_on_mastodon":"0"},"categories":[5],"tags":[22,23,267,26,27,17,21,24,25,28,29,15,430,16,18,34,31,33,32,30,19,20],"class_list":["post-347172","post","type-post","status-publish","format-standard","has-post-thumbnail","category-rubriker","tag-breaking-news","tag-breakingnews","tag-europa","tag-featured-news","tag-featurednews","tag-headlines","tag-huvudnyheter","tag-latest-news","tag-latestnews","tag-main-news","tag-mainnews","tag-news","tag-norge","tag-nyheter","tag-rubriker","tag-se","tag-svenska","tag-sverige","tag-sweden","tag-swedish","tag-top-stories","tag-topstories"],"share_on_mastodon":{"url":"https:\/\/pubeurope.com\/@se\/117132499791885125","error":""},"_links":{"self":[{"href":"https:\/\/www.europesays.com\/se\/wp-json\/wp\/v2\/posts\/347172","targetHints":{"allow":["GET"]}}],"collection":[{"href":"https:\/\/www.europesays.com\/se\/wp-json\/wp\/v2\/posts"}],"about":[{"href":"https:\/\/www.europesays.com\/se\/wp-json\/wp\/v2\/types\/post"}],"author":[{"embeddable":true,"href":"https:\/\/www.europesays.com\/se\/wp-json\/wp\/v2\/users\/2"}],"replies":[{"embeddable":true,"href":"https:\/\/www.europesays.com\/se\/wp-json\/wp\/v2\/comments?post=347172"}],"version-history":[{"count":0,"href":"https:\/\/www.europesays.com\/se\/wp-json\/wp\/v2\/posts\/347172\/revisions"}],"wp:featuredmedia":[{"embeddable":true,"href":"https:\/\/www.europesays.com\/se\/wp-json\/wp\/v2\/media\/347173"}],"wp:attachment":[{"href":"https:\/\/www.europesays.com\/se\/wp-json\/wp\/v2\/media?parent=347172"}],"wp:term":[{"taxonomy":"category","embeddable":true,"href":"https:\/\/www.europesays.com\/se\/wp-json\/wp\/v2\/categories?post=347172"},{"taxonomy":"post_tag","embeddable":true,"href":"https:\/\/www.europesays.com\/se\/wp-json\/wp\/v2\/tags?post=347172"}],"curies":[{"name":"wp","href":"https:\/\/api.w.org\/{rel}","templated":true}]}}