{"id":347519,"date":"2026-08-21T12:54:13","date_gmt":"2026-08-21T12:54:13","guid":{"rendered":"https:\/\/www.europesays.com\/se\/347519\/"},"modified":"2026-08-21T12:54:13","modified_gmt":"2026-08-21T12:54:13","slug":"ytterligare-tva-misstankta-efter-svenske-polisens-dod","status":"publish","type":"post","link":"https:\/\/www.europesays.com\/se\/347519\/","title":{"rendered":"Ytterligare tv\u00e5 misst\u00e4nkta efter svenske polisens d\u00f6d"},"content":{"rendered":"<p>Ytterligare tv\u00e5 personer misst\u00e4nks f\u00f6r brott i samband med d\u00f6dsmisshandeln av den svenske polisen Christian Zedig i K\u00f6penhamn i somras, rapporterar danska TV2.<\/p>\n<p>32-\u00e5ringen befann sig vid ett VM-event i den danska huvudstaden och ska ha f\u00f6rs\u00f6kt avbryta ett br\u00e5k n\u00e4r han blev attackerad. En 24-\u00e5rig man misst\u00e4nks ha stampat p\u00e5 Zedig medan han l\u00e5g ner. Han misst\u00e4nks ocks\u00e5 ha slagit en annan svensk medborgare vid samma tillf\u00e4lle. Den andra mannen, en 29-\u00e5ring, misst\u00e4nks ha sparkat den andra svensken. Han \u00e4r allts\u00e5 inte misst\u00e4nkt f\u00f6r misshandel av Christian Zedig.<\/p>\n<p>En 31-\u00e5rig man sitter sedan tidigare h\u00e4ktad f\u00f6r v\u00e5ldsd\u00e5det.<\/p>\n<p>Omni \u00e4r politiskt obundna och oberoende. Vi str\u00e4var efter att ge fler perspektiv p\u00e5 nyheterna. Har du fr\u00e5gor eller synpunkter kring v\u00e5r rapportering? <a href=\"https:\/\/omni.se\/ytterligare-tva-misstankta-efter-svensk-polis-dod\/a\/mailto:redaktion@omni.se\" class=\"ArticleActions-module-scss-module__w9u9BG__contactLink\" rel=\"nofollow noopener\" target=\"_blank\">Kontakta redaktionen<\/a><\/p>\n","protected":false},"excerpt":{"rendered":"Ytterligare tv\u00e5 personer misst\u00e4nks f\u00f6r brott i samband med d\u00f6dsmisshandeln av den svenske polisen Christian Zedig i K\u00f6penhamn&hellip;\n","protected":false},"author":2,"featured_media":347520,"comment_status":"","ping_status":"","sticky":false,"template":"","format":"standard","meta":{"footnotes":"","_share_on_mastodon":"0"},"categories":[5],"tags":[22,23,1205,267,26,27,17,21,24,25,28,29,15,16,18,34,31,33,32,30,19,20],"class_list":["post-347519","post","type-post","status-publish","format-standard","has-post-thumbnail","category-rubriker","tag-breaking-news","tag-breakingnews","tag-danmark","tag-europa","tag-featured-news","tag-featurednews","tag-headlines","tag-huvudnyheter","tag-latest-news","tag-latestnews","tag-main-news","tag-mainnews","tag-news","tag-nyheter","tag-rubriker","tag-se","tag-svenska","tag-sverige","tag-sweden","tag-swedish","tag-top-stories","tag-topstories"],"share_on_mastodon":{"url":"https:\/\/pubeurope.com\/@se\/117133604948311950","error":""},"_links":{"self":[{"href":"https:\/\/www.europesays.com\/se\/wp-json\/wp\/v2\/posts\/347519","targetHints":{"allow":["GET"]}}],"collection":[{"href":"https:\/\/www.europesays.com\/se\/wp-json\/wp\/v2\/posts"}],"about":[{"href":"https:\/\/www.europesays.com\/se\/wp-json\/wp\/v2\/types\/post"}],"author":[{"embeddable":true,"href":"https:\/\/www.europesays.com\/se\/wp-json\/wp\/v2\/users\/2"}],"replies":[{"embeddable":true,"href":"https:\/\/www.europesays.com\/se\/wp-json\/wp\/v2\/comments?post=347519"}],"version-history":[{"count":0,"href":"https:\/\/www.europesays.com\/se\/wp-json\/wp\/v2\/posts\/347519\/revisions"}],"wp:featuredmedia":[{"embeddable":true,"href":"https:\/\/www.europesays.com\/se\/wp-json\/wp\/v2\/media\/347520"}],"wp:attachment":[{"href":"https:\/\/www.europesays.com\/se\/wp-json\/wp\/v2\/media?parent=347519"}],"wp:term":[{"taxonomy":"category","embeddable":true,"href":"https:\/\/www.europesays.com\/se\/wp-json\/wp\/v2\/categories?post=347519"},{"taxonomy":"post_tag","embeddable":true,"href":"https:\/\/www.europesays.com\/se\/wp-json\/wp\/v2\/tags?post=347519"}],"curies":[{"name":"wp","href":"https:\/\/api.w.org\/{rel}","templated":true}]}}