{"id":347777,"date":"2026-08-21T18:08:23","date_gmt":"2026-08-21T18:08:23","guid":{"rendered":"https:\/\/www.europesays.com\/se\/347777\/"},"modified":"2026-08-21T18:08:23","modified_gmt":"2026-08-21T18:08:23","slug":"fortsatt-oversvamningsrisk-vag-har-rasat-i-boden","status":"publish","type":"post","link":"https:\/\/www.europesays.com\/se\/347777\/","title":{"rendered":"Fortsatt \u00f6versv\u00e4mningsrisk \u2013 v\u00e4g har rasat i Boden"},"content":{"rendered":"<p>SMHI forts\u00e4tter att ha orange och gul varning f\u00f6r \u00f6versv\u00e4mningar i Norrbotten de kommande dagarna. <\/p>\n<p>Orange varning g\u00e4ller i Boden kring Buddbytr\u00e4sket, Bodtr\u00e4sket, Svartbytr\u00e4sket samt Ljus\u00e5n. I Boden har ocks\u00e5 v\u00e4g 666 rasat samman av vattenmassorna, skriver Aftonbladet. <\/p>\n<p>\u2013 Det \u00e4r ett tv\u00e5 meter stort h\u00e5l rakt ner, s\u00e4ger larmoperat\u00f6ren Norea Vesterlund.<\/p>\n<p>Varningen g\u00e4ller fram till p\u00e5 m\u00e5ndag. <\/p>\n<p>Omni \u00e4r politiskt obundna och oberoende. Vi str\u00e4var efter att ge fler perspektiv p\u00e5 nyheterna. Har du fr\u00e5gor eller synpunkter kring v\u00e5r rapportering? <a href=\"https:\/\/omni.se\/fortsatt-oversvamningsrisk-vag-har-rasat-i-boden\/a\/mailto:redaktion@omni.se\" class=\"ArticleActions-module-scss-module__w9u9BG__contactLink\" rel=\"nofollow noopener\" target=\"_blank\">Kontakta redaktionen<\/a><\/p>\n","protected":false},"excerpt":{"rendered":"SMHI forts\u00e4tter att ha orange och gul varning f\u00f6r \u00f6versv\u00e4mningar i Norrbotten de kommande dagarna. Orange varning g\u00e4ller&hellip;\n","protected":false},"author":2,"featured_media":347778,"comment_status":"","ping_status":"","sticky":false,"template":"","format":"standard","meta":{"footnotes":"","_share_on_mastodon":"0"},"categories":[5],"tags":[6505,22,23,26,27,17,21,24,25,28,29,15,841,16,18,34,842,31,33,32,30,19,20,693],"class_list":["post-347777","post","type-post","status-publish","format-standard","has-post-thumbnail","category-rubriker","tag-boden","tag-breaking-news","tag-breakingnews","tag-featured-news","tag-featurednews","tag-headlines","tag-huvudnyheter","tag-latest-news","tag-latestnews","tag-main-news","tag-mainnews","tag-news","tag-norrbottens-lan","tag-nyheter","tag-rubriker","tag-se","tag-smhi","tag-svenska","tag-sverige","tag-sweden","tag-swedish","tag-top-stories","tag-topstories","tag-vader"],"share_on_mastodon":{"url":"https:\/\/pubeurope.com\/@se\/117134839467627642","error":""},"_links":{"self":[{"href":"https:\/\/www.europesays.com\/se\/wp-json\/wp\/v2\/posts\/347777","targetHints":{"allow":["GET"]}}],"collection":[{"href":"https:\/\/www.europesays.com\/se\/wp-json\/wp\/v2\/posts"}],"about":[{"href":"https:\/\/www.europesays.com\/se\/wp-json\/wp\/v2\/types\/post"}],"author":[{"embeddable":true,"href":"https:\/\/www.europesays.com\/se\/wp-json\/wp\/v2\/users\/2"}],"replies":[{"embeddable":true,"href":"https:\/\/www.europesays.com\/se\/wp-json\/wp\/v2\/comments?post=347777"}],"version-history":[{"count":0,"href":"https:\/\/www.europesays.com\/se\/wp-json\/wp\/v2\/posts\/347777\/revisions"}],"wp:featuredmedia":[{"embeddable":true,"href":"https:\/\/www.europesays.com\/se\/wp-json\/wp\/v2\/media\/347778"}],"wp:attachment":[{"href":"https:\/\/www.europesays.com\/se\/wp-json\/wp\/v2\/media?parent=347777"}],"wp:term":[{"taxonomy":"category","embeddable":true,"href":"https:\/\/www.europesays.com\/se\/wp-json\/wp\/v2\/categories?post=347777"},{"taxonomy":"post_tag","embeddable":true,"href":"https:\/\/www.europesays.com\/se\/wp-json\/wp\/v2\/tags?post=347777"}],"curies":[{"name":"wp","href":"https:\/\/api.w.org\/{rel}","templated":true}]}}