{"id":347831,"date":"2026-08-21T19:14:07","date_gmt":"2026-08-21T19:14:07","guid":{"rendered":"https:\/\/www.europesays.com\/se\/347831\/"},"modified":"2026-08-21T19:14:07","modified_gmt":"2026-08-21T19:14:07","slug":"sirius-overkort-av-hacken-andra-raka-forlusten-allsvenskan","status":"publish","type":"post","link":"https:\/\/www.europesays.com\/se\/347831\/","title":{"rendered":"Sirius \u00f6verk\u00f6rt av H\u00e4cken \u2013 andra raka f\u00f6rlusten | Allsvenskan"},"content":{"rendered":"<p>Uppdaterad 21 aug 2026 kl 21.12Publicerad 21 aug 2026 kl 20.50<\/p>\n<p>Ny sm\u00e4ll f\u00f6r Sirius.\u00a0<\/p>\n<p>Serieledaren k\u00f6rdes \u00f6ver med 0\u20133 hemma mot H\u00e4cken.\u00a0<\/p>\n<p>\u2013 Det k\u00e4nns som att vi springer runt och yrar, s\u00e4ger Isak Bjerkebo i TV4 Play.\u00a0<\/p>\n<p><img   alt=\"\"\/> <\/p>\n<p>Foto: TOBIAS STERNER \/ BILDBYR\u00c5N<\/p>\n<p>\u00d6ppna bild i helsk\u00e4rm<img loading=\"lazy\"   alt=\"\"\/> <\/p>\n<p>Foto: Staffan Claesson\/TT \/ TT NYHETSBYR\u00c5N \/ Staffan Claesson<\/p>\n<p>\u00d6ppna bild i helsk\u00e4rm<\/p>\n<p>Halvv\u00e4gs in i f\u00f6rsta halvlek b\u00f6rjade Siriuskv\u00e4llen bli tung.\u00a0<\/p>\n<p>D\u00e5 testade g\u00e4sternas Julius Lindberg ett skott som s\u00e5g ut att g\u00e5 rakt mot David Celik.\u00a0<\/p>\n<p>Men trots att hemmam\u00e5lvakten var p\u00e5 bollen lyckades han inte styra bort den.\u00a0<\/p>\n<p>\u2013 Han ber\u00e4knar den fel, ett svagt ingripande. Tungt f\u00f6r honom, s\u00e4ger Vicki Blomm\u00e9.\u00a0<\/p>\n<p>M\u00e5lskytten Lindberg:<\/p>\n<p>\u2013 Jag vet inte om det var ett bra skott eller d\u00e5ligt av m\u00e5lvakten.<\/p>\n<p>\u201dK\u00e4nns j\u00e4vligt bra\u201d<\/p>\n<p>Efter en dryg timmes spel ut\u00f6kade Gustav Lindgren H\u00e4ckens ledning. Och tio minuter fr\u00e5n slutet kontrade samme Lindgren in 3\u20130 till g\u00e4sterna.<\/p>\n<p>\u2013 Framf\u00f6rallt \u00e4r jag j\u00e4vligt stolt \u00f6ver allihopa. Det k\u00e4nns j\u00e4vligt bra just nu. Det g\u00e5r inte att att beskriva faktiskt, s\u00e4ger tv\u00e5m\u00e5lsskytten.\u00a0<\/p>\n<p>Med start i fjol\u00e5rets omg\u00e5ng 26 gick Uppsalaget 21 allsvenska matcher utan att f\u00f6rlora.\u00a0<\/p>\n<p>Men f\u00f6rra veckan tappade man en 3\u20130-ledning till torsk mot Mj\u00e4llby \u2013 och i kv\u00e4ll kammade man noll f\u00f6r andra matchen i f\u00f6ljd.\u00a0<\/p>\n<p>\u2013 Det \u00e4r skittr\u00e5kigt. Vi ville ge mer till fansen i dag. 3\u20130 hemma \u00e4r f\u00f6r d\u00e5ligt. De k\u00f6r \u00f6ver oss faktiskt, de vinner r\u00e4ttvist, s\u00e4ger Isak Bjerkebo efter\u00e5t.\u00a0<\/p>\n<p>\u2013 Det k\u00e4nns som att vi inte har koll p\u00e5 vad de ska g\u00f6ra. Som att vi springer runt och yrar.\u00a0<\/p>\n<p>\u201dInte n\u00e5gon kris\u201d<\/p>\n<p>Kv\u00e4llens match var ocks\u00e5 f\u00f6rsta g\u00e5ngen laget misslyckades med att g\u00f6ra m\u00e5l i en allsvensk match sedan den 20 juli f\u00f6rra \u00e5ret.\u00a0<\/p>\n<p>Efter\u00e5t fick Bjerkebo fr\u00e5gan om det r\u00f6r sig om \u201dguldfrossa\u201d.\u00a0<\/p>\n<p>\u2013 Vi leder fortfarande, det \u00e4r inte n\u00e5gon kris eller n\u00e5nting. Vi ligger p\u00e5 f\u00f6rsta plats och ska vara stolta \u00f6ver oss sj\u00e4lva, s\u00e4ger han.\u00a0<\/p>\n<p>Sirius leder serien med nio po\u00e4ng, men tv\u00e5an Hammarby har en match f\u00e4rre spelad. Tv\u00e5 po\u00e4ng efter Bajen ligger just H\u00e4cken p\u00e5 tredje plats.\u00a0<\/p>\n","protected":false},"excerpt":{"rendered":"Uppdaterad 21 aug 2026 kl 21.12Publicerad 21 aug 2026 kl 20.50 Ny sm\u00e4ll f\u00f6r Sirius.\u00a0 Serieledaren k\u00f6rdes \u00f6ver&hellip;\n","protected":false},"author":2,"featured_media":347832,"comment_status":"","ping_status":"","sticky":false,"template":"","format":"standard","meta":{"footnotes":"","_share_on_mastodon":"0"},"categories":[68],"tags":[159,1555,138,4431,34,111,110,31,33,32,30],"class_list":["post-347831","post","type-post","status-publish","format-standard","has-post-thumbnail","category-sport","tag-allsvenskan","tag-bk-hacken","tag-fotboll","tag-ik-sirius-fk","tag-se","tag-sport","tag-sports","tag-svenska","tag-sverige","tag-sweden","tag-swedish"],"share_on_mastodon":{"url":"","error":""},"_links":{"self":[{"href":"https:\/\/www.europesays.com\/se\/wp-json\/wp\/v2\/posts\/347831","targetHints":{"allow":["GET"]}}],"collection":[{"href":"https:\/\/www.europesays.com\/se\/wp-json\/wp\/v2\/posts"}],"about":[{"href":"https:\/\/www.europesays.com\/se\/wp-json\/wp\/v2\/types\/post"}],"author":[{"embeddable":true,"href":"https:\/\/www.europesays.com\/se\/wp-json\/wp\/v2\/users\/2"}],"replies":[{"embeddable":true,"href":"https:\/\/www.europesays.com\/se\/wp-json\/wp\/v2\/comments?post=347831"}],"version-history":[{"count":0,"href":"https:\/\/www.europesays.com\/se\/wp-json\/wp\/v2\/posts\/347831\/revisions"}],"wp:featuredmedia":[{"embeddable":true,"href":"https:\/\/www.europesays.com\/se\/wp-json\/wp\/v2\/media\/347832"}],"wp:attachment":[{"href":"https:\/\/www.europesays.com\/se\/wp-json\/wp\/v2\/media?parent=347831"}],"wp:term":[{"taxonomy":"category","embeddable":true,"href":"https:\/\/www.europesays.com\/se\/wp-json\/wp\/v2\/categories?post=347831"},{"taxonomy":"post_tag","embeddable":true,"href":"https:\/\/www.europesays.com\/se\/wp-json\/wp\/v2\/tags?post=347831"}],"curies":[{"name":"wp","href":"https:\/\/api.w.org\/{rel}","templated":true}]}}