{"id":347863,"date":"2026-08-21T20:02:16","date_gmt":"2026-08-21T20:02:16","guid":{"rendered":"https:\/\/www.europesays.com\/se\/347863\/"},"modified":"2026-08-21T20:02:16","modified_gmt":"2026-08-21T20:02:16","slug":"sirius-foll-ihop-mot-hacken-i-allsvenskan","status":"publish","type":"post","link":"https:\/\/www.europesays.com\/se\/347863\/","title":{"rendered":"Sirius f\u00f6ll ihop mot H\u00e4cken i allsvenskan"},"content":{"rendered":"<p>    <img class=\"_image_1a8ez_62 layout-component layout-wide\" data-fullscreen- data-track-element-type=\"Article image fullscreen\" data-track-name=\"ImageFullscreen\" fetchpriority=\"high\" decoding=\"sync\" loading=\"eager\" height=\"57\" itemprop=\"image\"  src=\"https:\/\/www.europesays.com\/se\/wp-content\/uploads\/2026\/08\/0e8c98c7605fed5edaf088fa7dd78845.jpg\"  style=\"object-position:50% 50%;aspect-ratio:1.7777777777777777;height:auto;object-fit:cover;width:100%\" width=\"102\"\/>  <\/p>\n<p class=\"_textTheme_4io5p_1 _lead_16k26_2 _lead_3ue4t_18 layout-component layout-normal layout-padded _lead_o6m9k_5 _leadTheme_cypwp_1 body-large bold\">Guldfrossa i Sirius?<\/p>\n<p class=\"_textTheme_4io5p_1 _lead_16k26_2 _lead_3ue4t_18 layout-component layout-normal layout-padded _lead_o6m9k_5 _leadTheme_cypwp_1 body-large bold\">Serieledaren klappade igenom och f\u00f6ll med 0\u20133 hemma mot H\u00e4cken.<\/p>\n<p class=\"_textTheme_4io5p_1 _lead_16k26_2 _lead_3ue4t_18 layout-component layout-normal layout-padded _lead_o6m9k_5 _leadTheme_cypwp_1 body-large bold\">\u2013 De k\u00f6r \u00f6ver oss, s\u00e4ger Sirius-stj\u00e4rnan Isak Bjerkebo till TV4.<\/p>\n<p class=\"_textTheme_4io5p_1 _paragraph_16k26_4 _paragraph_3ue4t_27 layout-component layout-normal layout-padded body-medium\">Sirius darrar i den allsvenska guldstriden.<\/p>\n<p class=\"_textTheme_4io5p_1 _paragraph_16k26_4 _paragraph_3ue4t_27 layout-component layout-normal layout-padded body-medium\">Utan skyttekungen Robbie Ure, 22, har de bl\u00e5svarta spelat tre raka matcher utan att vinna: 2\u20132 mot BP, 3\u20134 mot Mj\u00e4llby (fr\u00e5n 3\u20130) och s\u00e5 kv\u00e4llens kollaps.<\/p>\n<p class=\"_textTheme_4io5p_1 _paragraph_16k26_4 _paragraph_3ue4t_27 layout-component layout-normal layout-padded body-medium\">\u2013 Det \u00e4r skittr\u00e5kigt. Vi ville ge mer till fansen i dag. Det \u00e4r f\u00f6r d\u00e5ligt. De vinner r\u00e4ttvist, s\u00e4ger Bjerkebo.<\/p>\n<p class=\"_textTheme_4io5p_1 _paragraph_16k26_4 _paragraph_3ue4t_27 layout-component layout-normal layout-padded body-medium\">\u2013 Det k\u00e4nns som att vi \u00e4r m\u00e5nga som inte har koll p\u00e5 vad de ska g\u00f6ra, som att vi bara springer runt och yrar ibland.<\/p>\n<p class=\"_textTheme_4io5p_1 _paragraph_16k26_4 _paragraph_3ue4t_27 layout-component layout-normal layout-padded body-medium\">F\u00f6rspr\u00e5nget ned till Hammarby var 14 po\u00e4ng f\u00f6r tv\u00e5 veckor sedan. Om Bajen sl\u00e5r Gais p\u00e5 s\u00f6ndag \u00e4r avst\u00e5ndet nere p\u00e5 sex po\u00e4ng med tolv omg\u00e5ngar kvar.<\/p>\n<p class=\"_textTheme_4io5p_1 _paragraph_16k26_4 _paragraph_3ue4t_27 layout-component layout-normal layout-padded body-medium\">\u2013 Vi leder fortfarande med nio po\u00e4ng. Jag fattar inte, det \u00e4r inte n\u00e5gon kris. Men i dag \u00e4r vi inte tillr\u00e4ckligt hungriga, s\u00e4ger Bjerkebo.<\/p>\n<p class=\"_textTheme_4io5p_1 _paragraph_16k26_4 _paragraph_3ue4t_27 layout-component layout-normal layout-padded body-medium\">Sirius l\u00e5g under med 0\u20131 i paus. Ett h\u00f6gst beskedligt distansskott fr\u00e5n Julius Lindberg letade sig in i n\u00e4t via David Celics handskar.<\/p>\n<p class=\"_textTheme_4io5p_1 _paragraph_16k26_4 _paragraph_3ue4t_27 layout-component layout-normal layout-padded body-medium\">\u2013 Det \u00e4r klart att det \u00e4r ett skott fr\u00e5n l\u00e5ng distans, normalt tar han det, s\u00e4ger Sirius tr\u00e4nare Andreas Engelmark.<\/p>\n<p class=\"_textTheme_4io5p_1 _paragraph_16k26_4 _paragraph_3ue4t_27 layout-component layout-normal layout-padded body-medium\">\u2013 Alla kan g\u00e5 igenom tuffare perioder. Han har gjort det bra, men f\u00e5r kolla p\u00e5 vad han kan g\u00f6ra b\u00e4ttre \u2013 precis som jag sj\u00e4lv och alla andra spelare.<\/p>\n<p> Sviten p\u00e5 31 matcher bruten <\/p>\n<p class=\"_textTheme_4io5p_1 _paragraph_16k26_4 _paragraph_3ue4t_27 layout-component layout-normal layout-padded body-medium\">Sirius v\u00e4nsterback Oscar Krusnell sa i pausintervjun:<\/p>\n<p class=\"_textTheme_4io5p_1 _paragraph_16k26_4 _paragraph_3ue4t_27 layout-component layout-normal layout-padded body-medium\">\u2013 Det k\u00e4nns som en av v\u00e5ra s\u00e4mre matcher i \u00e5r. Vi f\u00e5r inte alls till det. Vi f\u00e5r komma ut som ett nytt lag i andra, f\u00f6r det h\u00e4r \u00e4r inte bra nog.<\/p>\n<p class=\"_textTheme_4io5p_1 _paragraph_16k26_4 _paragraph_3ue4t_27 layout-component layout-normal layout-padded body-medium\">S\u00e5 blev det inte.<\/p>\n<p class=\"_textTheme_4io5p_1 _paragraph_16k26_4 _paragraph_3ue4t_27 layout-component layout-normal layout-padded body-medium\">I st\u00e4llet placerade Gustav Lindgren dit 0\u20132 n\u00e4r han kom fri efter en nickskarv fr\u00e5n Lindberg. Tio minuter f\u00f6re full tid blev Lindgren tv\u00e5m\u00e5lsskytt n\u00e4r han kontrade in 0\u20133.<\/p>\n<p class=\"_textTheme_4io5p_1 _paragraph_16k26_4 _paragraph_3ue4t_27 layout-component layout-normal layout-padded body-medium\">\u2013 Jag \u00e4r stolt \u00f6ver allihopa. Det k\u00e4nns j\u00e4vligt bra just nu, s\u00e4ger Lindgren till TV4.<\/p>\n<p class=\"_textTheme_4io5p_1 _paragraph_16k26_4 _paragraph_3ue4t_27 layout-component layout-normal layout-padded body-medium\">H\u00e4ckens tr\u00e4nare Jens Gustafsson s\u00e4ger p\u00e5 presskonferensen:<\/p>\n<p class=\"_textTheme_4io5p_1 _paragraph_16k26_4 _paragraph_3ue4t_27 layout-component layout-normal layout-padded body-medium\">\u2013 Det h\u00e4r var en fin fredagskv\u00e4ll f\u00f6r v\u00e5r del. En mycket fin prestation under 90 minuter. M\u00e5nga spelare som gjorde sin b\u00e4sta prestation p\u00e5 hela \u00e5ret.<\/p>\n<p class=\"_textTheme_4io5p_1 _paragraph_16k26_4 _paragraph_3ue4t_27 layout-component layout-normal layout-padded body-medium\">Resultatet inneb\u00e4r att Sirius svit med m\u00e5l i 31 allsvenska matcher i rad tar slut. Senaste g\u00e5ngen laget gick m\u00e5ll\u00f6st fr\u00e5n en fajt i serien var mot IFK G\u00f6teborg den 20 juli i fjol (0\u20131).<\/p>\n<p class=\"_textTheme_4io5p_1 _paragraph_16k26_4 _paragraph_3ue4t_27 layout-component layout-normal layout-padded body-medium\">H\u00e4cken g\u00e5r upp som tabelltrea efter segern, elva po\u00e4ng bakom Sirius \u2013 som tar emot Malm\u00f6 FF den 31 augusti i sin n\u00e4sta match. H\u00e4cken tar emot V\u00e4ster\u00e5s SK den 29 augusti.<\/p>\n<p> <img alt=\"Henrik R\u00f6nnl\u00f6f Castegren.\" class=\"_image_1jxax_84 layout-component layout-normal\" data-fullscreen- data-track-element-type=\"Article image fullscreen\" data-track-name=\"ImageFullscreen\" decoding=\"async\" loading=\"lazy\" height=\"630\" itemprop=\"image\"  src=\"https:\/\/www.europesays.com\/se\/wp-content\/uploads\/2026\/08\/90edb8f9-85f6-38e2-958d-d15e145cae86.jpeg\"  style=\"object-position:0% 0%\" width=\"1200\"\/>Henrik R\u00f6nnl\u00f6f Castegren. Foto: BILDBYR\u00c5NVisa mer <br \/><img alt=\"\" class=\"_image_1jxax_84 layout-component layout-normal\" data-fullscreen- data-track-element-type=\"Article image fullscreen\" data-track-name=\"ImageFullscreen\" decoding=\"async\" loading=\"lazy\" height=\"2093\" itemprop=\"image\"  src=\"https:\/\/www.europesays.com\/se\/wp-content\/uploads\/2026\/08\/e593027f-7487-31f4-ae85-05c80315a68c.jpeg\"  style=\"object-position:0% 0%\" width=\"3140\"\/> Foto: TOBIAS STERNER \/ BILDBYR\u00c5NVisa mer        <\/p>\n","protected":false},"excerpt":{"rendered":"Guldfrossa i Sirius? Serieledaren klappade igenom och f\u00f6ll med 0\u20133 hemma mot H\u00e4cken. \u2013 De k\u00f6r \u00f6ver oss,&hellip;\n","protected":false},"author":2,"featured_media":347864,"comment_status":"","ping_status":"","sticky":false,"template":"","format":"standard","meta":{"footnotes":"","_share_on_mastodon":"0"},"categories":[68],"tags":[458,1555,4431,34,111,110,31,33,32,30],"class_list":["post-347863","post","type-post","status-publish","format-standard","has-post-thumbnail","category-sport","tag-allsvenskan-i-fotboll","tag-bk-hacken","tag-ik-sirius-fk","tag-se","tag-sport","tag-sports","tag-svenska","tag-sverige","tag-sweden","tag-swedish"],"share_on_mastodon":{"url":"https:\/\/pubeurope.com\/@se\/117135288172907639","error":""},"_links":{"self":[{"href":"https:\/\/www.europesays.com\/se\/wp-json\/wp\/v2\/posts\/347863","targetHints":{"allow":["GET"]}}],"collection":[{"href":"https:\/\/www.europesays.com\/se\/wp-json\/wp\/v2\/posts"}],"about":[{"href":"https:\/\/www.europesays.com\/se\/wp-json\/wp\/v2\/types\/post"}],"author":[{"embeddable":true,"href":"https:\/\/www.europesays.com\/se\/wp-json\/wp\/v2\/users\/2"}],"replies":[{"embeddable":true,"href":"https:\/\/www.europesays.com\/se\/wp-json\/wp\/v2\/comments?post=347863"}],"version-history":[{"count":0,"href":"https:\/\/www.europesays.com\/se\/wp-json\/wp\/v2\/posts\/347863\/revisions"}],"wp:featuredmedia":[{"embeddable":true,"href":"https:\/\/www.europesays.com\/se\/wp-json\/wp\/v2\/media\/347864"}],"wp:attachment":[{"href":"https:\/\/www.europesays.com\/se\/wp-json\/wp\/v2\/media?parent=347863"}],"wp:term":[{"taxonomy":"category","embeddable":true,"href":"https:\/\/www.europesays.com\/se\/wp-json\/wp\/v2\/categories?post=347863"},{"taxonomy":"post_tag","embeddable":true,"href":"https:\/\/www.europesays.com\/se\/wp-json\/wp\/v2\/tags?post=347863"}],"curies":[{"name":"wp","href":"https:\/\/api.w.org\/{rel}","templated":true}]}}