{"id":347927,"date":"2026-08-21T21:31:22","date_gmt":"2026-08-21T21:31:22","guid":{"rendered":"https:\/\/www.europesays.com\/se\/347927\/"},"modified":"2026-08-21T21:31:22","modified_gmt":"2026-08-21T21:31:22","slug":"nya-insidious-trakar-ut-publiken-och-filmskaparna","status":"publish","type":"post","link":"https:\/\/www.europesays.com\/se\/347927\/","title":{"rendered":"Nya \u201dInsidious\u201d tr\u00e5kar ut publiken och filmskaparna"},"content":{"rendered":"<p>\u201dInsidious: Out of the Further\u201d \u00e4r det senaste tillskottet i den skr\u00e4ckinjagande filmserien som har premi\u00e4r i\u202fdag. Men mottagandet bland kritikerna blir mest en stor g\u00e4spning. <\/p>\n<p>Den sj\u00e4tte filmen handlar om den unga modern Gemma som uppt\u00e4cker att hon har f\u00f6rm\u00e5gan att ta sig till en sk\u00e4rseldsliknande v\u00e4rld fylld av demoner, som utnyttjar det f\u00f6r att ta sig till v\u00e5r v\u00e4rld. <\/p>\n<p>Filmen h\u00e5ller visserligen franchisen vid liv, men den f\u00f6rtj\u00e4nar det inte, tycker Aftonbladets Daniel H\u00e5nberg Alonso. Det h\u00e5ller Movieziens Lucas Mass med om. <\/p>\n<p>\u201dUtan s\u00e4rskilt mycket utveckling, vare sig i handlingen eller bland karakt\u00e4rerna, tappar filmen bort sig sj\u00e4lv l\u00e4ngs v\u00e4gen.\u201d<\/p>\n<p>The Guardians Scott Tobias tycker filmen inneh\u00e5ller d\u00e5liga specialeffekter och kampen mot de onda andarna k\u00e4nns improviserad.<\/p>\n<p>\u201dTill slut kan publiken b\u00f6rja k\u00e4nna sig lika uppenbart uttr\u00e5kad som filmskaparna sj\u00e4lva.\u201d<\/p>\n<p>Varje helg tipsar Omni-redaktionen om de mest aktuella filmerna, tv-serierna, musiken, b\u00f6ckerna och mycket mer fr\u00e5n hela v\u00e4rlden. Genre kan variera fr\u00e5n vecka till vecka.<\/p>\n<p>Recensionssvepen \u00e4r en del av Omnis helgsatsning med rekommendationer p\u00e5 l\u00e4sv\u00e4rda, aktuella och intressanta recensioner och intervjuer som publiceras varje helg.<\/p>\n<p>Omni \u00e4r politiskt obundna och oberoende. Vi str\u00e4var efter att ge fler perspektiv p\u00e5 nyheterna. Har du fr\u00e5gor eller synpunkter kring v\u00e5r rapportering? <a href=\"https:\/\/omni.se\/nya-insidious-filmen-trakar-ut-bade-publiken-och-filmskaparna\/a\/mailto:redaktion@omni.se\" class=\"ArticleActions-module-scss-module__w9u9BG__contactLink\" rel=\"nofollow noopener\" target=\"_blank\">Kontakta redaktionen<\/a><\/p>\n","protected":false},"excerpt":{"rendered":"\u201dInsidious: Out of the Further\u201d \u00e4r det senaste tillskottet i den skr\u00e4ckinjagande filmserien som har premi\u00e4r i\u202fdag. Men&hellip;\n","protected":false},"author":2,"featured_media":347928,"comment_status":"","ping_status":"","sticky":false,"template":"","format":"standard","meta":{"footnotes":"","_share_on_mastodon":"0"},"categories":[67],"tags":[104,168,270,34,31,33,32,30,105],"class_list":["post-347927","post","type-post","status-publish","format-standard","has-post-thumbnail","category-underhallning","tag-entertainment","tag-film-tv","tag-helg","tag-se","tag-svenska","tag-sverige","tag-sweden","tag-swedish","tag-underhallning"],"share_on_mastodon":{"url":"https:\/\/pubeurope.com\/@se\/117135637611638958","error":""},"_links":{"self":[{"href":"https:\/\/www.europesays.com\/se\/wp-json\/wp\/v2\/posts\/347927","targetHints":{"allow":["GET"]}}],"collection":[{"href":"https:\/\/www.europesays.com\/se\/wp-json\/wp\/v2\/posts"}],"about":[{"href":"https:\/\/www.europesays.com\/se\/wp-json\/wp\/v2\/types\/post"}],"author":[{"embeddable":true,"href":"https:\/\/www.europesays.com\/se\/wp-json\/wp\/v2\/users\/2"}],"replies":[{"embeddable":true,"href":"https:\/\/www.europesays.com\/se\/wp-json\/wp\/v2\/comments?post=347927"}],"version-history":[{"count":0,"href":"https:\/\/www.europesays.com\/se\/wp-json\/wp\/v2\/posts\/347927\/revisions"}],"wp:featuredmedia":[{"embeddable":true,"href":"https:\/\/www.europesays.com\/se\/wp-json\/wp\/v2\/media\/347928"}],"wp:attachment":[{"href":"https:\/\/www.europesays.com\/se\/wp-json\/wp\/v2\/media?parent=347927"}],"wp:term":[{"taxonomy":"category","embeddable":true,"href":"https:\/\/www.europesays.com\/se\/wp-json\/wp\/v2\/categories?post=347927"},{"taxonomy":"post_tag","embeddable":true,"href":"https:\/\/www.europesays.com\/se\/wp-json\/wp\/v2\/tags?post=347927"}],"curies":[{"name":"wp","href":"https:\/\/api.w.org\/{rel}","templated":true}]}}