{"id":348157,"date":"2026-08-22T06:48:14","date_gmt":"2026-08-22T06:48:14","guid":{"rendered":"https:\/\/www.europesays.com\/se\/348157\/"},"modified":"2026-08-22T06:48:14","modified_gmt":"2026-08-22T06:48:14","slug":"stockholms-fringe-festval-satsar-stort-i-augusti","status":"publish","type":"post","link":"https:\/\/www.europesays.com\/se\/348157\/","title":{"rendered":"Stockholms fringe festval satsar stort i augusti"},"content":{"rendered":"<p>  <img alt=\"\" class=\"_image_1jxax_84 layout-component layout-wide\" data-fullscreen- data-track-element-type=\"Article image fullscreen\" data-track-name=\"ImageFullscreen\" fetchpriority=\"high\" decoding=\"sync\" loading=\"eager\" height=\"3636\" itemprop=\"image\"  src=\"https:\/\/www.europesays.com\/se\/wp-content\/uploads\/2026\/08\/ce9248e0-88cc-3f3e-ba43-9a03ef7c7276.jpeg\"  style=\"object-position:46.71325616946931% 32.96204620462046%\" width=\"4579\"\/><\/p>\n<p class=\"_textTheme_zldsx_1 _lead_16k26_2 _lead_3ue4t_18 layout-component layout-normal layout-padded _lead_o6m9k_5 _leadTheme_1q6sv_1 body-large bold\">188 artister p\u00e5 16 platser \u2013 dags f\u00f6r Stoff, Stockholm Fringe Festival. Den 26\u201330 augusti kan man bland annat se komikerstj\u00e4rnan Ruby Wax och en ukrainsk installation p\u00e5 Ryssg\u00e5rden. SvD har talat med festivalgeneralerna om \u00e5rets h\u00f6jdpunkter.<\/p>\n<p><a class=\"_link_1lr5y_108\" href=\"https:\/\/www.svd.se\/av\/anna-angstrom\" title=\"Anna \u00c5ngstr\u00f6m\" rel=\"nofollow noopener\" target=\"_blank\"><img alt=\"Bild av Anna \u00c5ngstr\u00f6m\" class=\"_image_1lr5y_85\" fetchpriority=\"low\" decoding=\"async\" itemprop=\"image\" loading=\"lazy\"  src=\"https:\/\/www.europesays.com\/se\/wp-content\/uploads\/2026\/08\/1787381294_558_0b1b5ab0-7a2e-4b8f-b71f-daccffdeda69.png\"  width=\"480\"\/><\/a>          <\/p>\n<p class=\"_textTheme_zldsx_1 _paragraph_16k26_4 _paragraph_3ue4t_27 layout-component layout-normal layout-padded body-medium\"><strong class=\"_strong_16k26_20\">Stoff \u00e4r tre festivaler i \u00e5r, ber\u00e4tta!<\/strong><\/p>\n<p class=\"_textTheme_zldsx_1 _paragraph_16k26_4 _paragraph_3ue4t_27 layout-component layout-normal layout-padded body-medium\">\u2013 I fringens natur ligger ju att konstant utvecklas och s\u00f6ka nya knutpunkter med inspirerande kluster av folk. Vi kan dra nytta av varandras kompetens och skapa nya synergier f\u00f6r att g\u00f6ra Stockholm till en \u00e4nnu mer sp\u00e4nnande kulturdestination. Speciellt ett val\u00e5r som det h\u00e4r, d\u00e5 det \u00e4r extra sv\u00e5rt att synas och h\u00f6ras i valkampanjsdjungeln, s\u00e4ger Adam Potrykus, festivalgeneral tillsammans med Helena Bunker.<\/p>\n","protected":false},"excerpt":{"rendered":"188 artister p\u00e5 16 platser \u2013 dags f\u00f6r Stoff, Stockholm Fringe Festival. Den 26\u201330 augusti kan man bland&hellip;\n","protected":false},"author":2,"featured_media":348158,"comment_status":"","ping_status":"","sticky":false,"template":"","format":"standard","meta":{"footnotes":"","_share_on_mastodon":"0"},"categories":[67],"tags":[904,104,34,21491,31,33,32,30,905,105],"class_list":["post-348157","post","type-post","status-publish","format-standard","has-post-thumbnail","category-underhallning","tag-dans","tag-entertainment","tag-se","tag-svd-berattande-kultur","tag-svenska","tag-sverige","tag-sweden","tag-swedish","tag-teater","tag-underhallning"],"share_on_mastodon":{"url":"https:\/\/pubeurope.com\/@se\/117137828422914527","error":""},"_links":{"self":[{"href":"https:\/\/www.europesays.com\/se\/wp-json\/wp\/v2\/posts\/348157","targetHints":{"allow":["GET"]}}],"collection":[{"href":"https:\/\/www.europesays.com\/se\/wp-json\/wp\/v2\/posts"}],"about":[{"href":"https:\/\/www.europesays.com\/se\/wp-json\/wp\/v2\/types\/post"}],"author":[{"embeddable":true,"href":"https:\/\/www.europesays.com\/se\/wp-json\/wp\/v2\/users\/2"}],"replies":[{"embeddable":true,"href":"https:\/\/www.europesays.com\/se\/wp-json\/wp\/v2\/comments?post=348157"}],"version-history":[{"count":0,"href":"https:\/\/www.europesays.com\/se\/wp-json\/wp\/v2\/posts\/348157\/revisions"}],"wp:featuredmedia":[{"embeddable":true,"href":"https:\/\/www.europesays.com\/se\/wp-json\/wp\/v2\/media\/348158"}],"wp:attachment":[{"href":"https:\/\/www.europesays.com\/se\/wp-json\/wp\/v2\/media?parent=348157"}],"wp:term":[{"taxonomy":"category","embeddable":true,"href":"https:\/\/www.europesays.com\/se\/wp-json\/wp\/v2\/categories?post=348157"},{"taxonomy":"post_tag","embeddable":true,"href":"https:\/\/www.europesays.com\/se\/wp-json\/wp\/v2\/tags?post=348157"}],"curies":[{"name":"wp","href":"https:\/\/api.w.org\/{rel}","templated":true}]}}