{"id":348211,"date":"2026-08-22T08:10:16","date_gmt":"2026-08-22T08:10:16","guid":{"rendered":"https:\/\/www.europesays.com\/se\/348211\/"},"modified":"2026-08-22T08:10:16","modified_gmt":"2026-08-22T08:10:16","slug":"mauro-scocco-maktigt-att-efterfesta-med-ulf-lundell-under-hans-partyfas","status":"publish","type":"post","link":"https:\/\/www.europesays.com\/se\/348211\/","title":{"rendered":"Mauro Scocco: M\u00e4ktigt att efterfesta med Ulf Lundell under hans partyfas"},"content":{"rendered":"<p>Att efterfesta med artisten Ulf Lundell g\u00e5r inte av f\u00f6r hackor. Det s\u00e4ger artistkollegan Mauro Scocco i en intervju med King Magazine. <\/p>\n<p>\u2013 Det var asm\u00e4ktigt. Det var under hans partyfas. <\/p>\n<p>En av efterfesterna har f\u00f6revigats i Scoccos nya l\u00e5t \u201dSk\u00e5negatan\u201d. Att komma hem till Lundell var som att komma hem till f\u00f6rfattaren Ernest Hemingway, tycker han. Lundells bohemiska l\u00e4genhet med uppstoppade f\u00e5glar och skrivmaskiner imponerade s\u00e4rskilt p\u00e5 63-\u00e5ringen. <\/p>\n<p>I intervjun pratar Scocco ocks\u00e5 om ensamhet, familjen och den nya musiken. <\/p>\n<p>L\u00e4s hela intervjun via l\u00e4nken nedan. <\/p>\n<p>Under rubriken \u201dIntervjuer\u201d rekommenderar Omni-redaktionen under helgen n\u00e5gra intressanta intervjuer med personer fr\u00e5n flera vitt skilda branscher.<\/p>\n<p>Svepen \u00e4r en del av Omnis helgsatsning med rekommendationer p\u00e5 l\u00e4sv\u00e4rda, aktuella och intressanta recensioner och intervjuer som publiceras varje helg. <\/p>\n<p>Omni \u00e4r politiskt obundna och oberoende. Vi str\u00e4var efter att ge fler perspektiv p\u00e5 nyheterna. Har du fr\u00e5gor eller synpunkter kring v\u00e5r rapportering? <a href=\"https:\/\/omni.se\/mauro-scocco-maktigt-att-efterfesta-med-ulf-lundell-under-hans-partyfas\/a\/mailto:redaktion@omni.se\" class=\"ArticleActions-module-scss-module__w9u9BG__contactLink\" rel=\"nofollow noopener\" target=\"_blank\">Kontakta redaktionen<\/a><\/p>\n","protected":false},"excerpt":{"rendered":"Att efterfesta med artisten Ulf Lundell g\u00e5r inte av f\u00f6r hackor. Det s\u00e4ger artistkollegan Mauro Scocco i en&hellip;\n","protected":false},"author":2,"featured_media":348212,"comment_status":"","ping_status":"","sticky":false,"template":"","format":"standard","meta":{"footnotes":"","_share_on_mastodon":"0"},"categories":[67],"tags":[104,270,39268,172,34,31,33,32,30,14870,105],"class_list":["post-348211","post","type-post","status-publish","format-standard","has-post-thumbnail","category-underhallning","tag-entertainment","tag-helg","tag-mauro-scocco","tag-musik","tag-se","tag-svenska","tag-sverige","tag-sweden","tag-swedish","tag-ulf-lundell","tag-underhallning"],"share_on_mastodon":{"url":"https:\/\/pubeurope.com\/@se\/117138150283954548","error":""},"_links":{"self":[{"href":"https:\/\/www.europesays.com\/se\/wp-json\/wp\/v2\/posts\/348211","targetHints":{"allow":["GET"]}}],"collection":[{"href":"https:\/\/www.europesays.com\/se\/wp-json\/wp\/v2\/posts"}],"about":[{"href":"https:\/\/www.europesays.com\/se\/wp-json\/wp\/v2\/types\/post"}],"author":[{"embeddable":true,"href":"https:\/\/www.europesays.com\/se\/wp-json\/wp\/v2\/users\/2"}],"replies":[{"embeddable":true,"href":"https:\/\/www.europesays.com\/se\/wp-json\/wp\/v2\/comments?post=348211"}],"version-history":[{"count":0,"href":"https:\/\/www.europesays.com\/se\/wp-json\/wp\/v2\/posts\/348211\/revisions"}],"wp:featuredmedia":[{"embeddable":true,"href":"https:\/\/www.europesays.com\/se\/wp-json\/wp\/v2\/media\/348212"}],"wp:attachment":[{"href":"https:\/\/www.europesays.com\/se\/wp-json\/wp\/v2\/media?parent=348211"}],"wp:term":[{"taxonomy":"category","embeddable":true,"href":"https:\/\/www.europesays.com\/se\/wp-json\/wp\/v2\/categories?post=348211"},{"taxonomy":"post_tag","embeddable":true,"href":"https:\/\/www.europesays.com\/se\/wp-json\/wp\/v2\/tags?post=348211"}],"curies":[{"name":"wp","href":"https:\/\/api.w.org\/{rel}","templated":true}]}}