{"id":348231,"date":"2026-08-22T08:34:40","date_gmt":"2026-08-22T08:34:40","guid":{"rendered":"https:\/\/www.europesays.com\/se\/348231\/"},"modified":"2026-08-22T08:34:40","modified_gmt":"2026-08-22T08:34:40","slug":"ar-sommaren-slut","status":"publish","type":"post","link":"https:\/\/www.europesays.com\/se\/348231\/","title":{"rendered":"\u00c4r sommaren slut?"},"content":{"rendered":"<p>  <a class=\"_link_1lr5y_108\" href=\"https:\/\/aftonbladet.se\/av\/fanny-marhaug\" title=\"Fanny Marhaug\" rel=\"nofollow noopener\" target=\"_blank\"><img alt=\"Bild av Fanny Marhaug\" class=\"_image_1lr5y_85\" fetchpriority=\"low\" decoding=\"async\" itemprop=\"image\" loading=\"lazy\"  src=\"https:\/\/www.europesays.com\/se\/wp-content\/uploads\/2026\/08\/1787387679_499_b49c4ff6-6f54-3f80-b792-dbfc7f0e9b1b.png\"  width=\"480\"\/><\/a> <img alt=\"\" class=\"_image_1jxax_84 layout-component layout-wide\" data-fullscreen- data-track-element-type=\"Article image fullscreen\" data-track-name=\"ImageFullscreen\" fetchpriority=\"high\" decoding=\"sync\" loading=\"eager\" height=\"722\" itemprop=\"image\"  src=\"https:\/\/www.europesays.com\/se\/wp-content\/uploads\/2026\/08\/ec7e882b-50a8-3ec2-8205-a4c11e11c28b.png\"  style=\"object-position:0% 0%\" width=\"2060\"\/><\/p>\n<p class=\"_textTheme_4io5p_1 _lead_16k26_2 _lead_3ue4t_18 layout-component layout-normal layout-padded _lead_o6m9k_5 _leadTheme_cypwp_1 body-large bold\">Kyliga vindar bl\u00e5ser \u00f6ver delar av landet. <\/p>\n<p class=\"_textTheme_4io5p_1 _lead_16k26_2 _lead_3ue4t_18 layout-component layout-normal layout-padded _lead_o6m9k_5 _leadTheme_cypwp_1 body-large bold\">Har sommaren g\u00e5tt \u00f6ver till h\u00f6st? <\/p>\n<p class=\"_textTheme_4io5p_1 _lead_16k26_2 _lead_3ue4t_18 layout-component layout-normal layout-padded _lead_o6m9k_5 _leadTheme_cypwp_1 body-large bold\">Meteorologen Lasse Rydqvist svarar.<\/p>\n<p class=\"_textTheme_4io5p_1 _paragraph_16k26_4 _paragraph_3ue4t_27 layout-component layout-normal layout-padded body-medium\">Det finns flera s\u00e4tt att avg\u00f6ra n\u00e4r sommaren faktiskt \u00e4r \u00f6ver, ber\u00e4ttar Lasse Rydqvist, meteorolog p\u00e5 Klart n\u00e4r han g\u00e4star Radio Aftonbladet. <\/p>\n<p class=\"_textTheme_4io5p_1 _paragraph_16k26_4 _paragraph_3ue4t_27 layout-component layout-normal layout-padded body-medium\">Den kalendariska sommaren p\u00e5g\u00e5r fram till den 1 september. Enligt den astronomiska definitionen utg\u00e5r man i st\u00e4llet fr\u00e5n h\u00f6stdagj\u00e4mningen, som i \u00e5r intr\u00e4ffar den 23 september.<\/p>\n<p class=\"_textTheme_4io5p_1 _paragraph_16k26_4 _paragraph_3ue4t_27 layout-component layout-normal layout-padded body-medium\">Men sj\u00e4lv f\u00f6redrar Lasse den meteorologiska definitionen.<\/p>\n<p class=\"_textTheme_4io5p_1 _paragraph_16k26_4 _paragraph_3ue4t_27 layout-component layout-normal layout-padded body-medium\">D\u00e5 r\u00e4knas det som h\u00f6st n\u00e4r dygnsmedeltemperaturen har varit under 10 grader fem dygn i rad.<\/p>\n<p> N\u00e5gra fick aldrig sommar <\/p>\n<p class=\"_textTheme_4io5p_1 _paragraph_16k26_4 _paragraph_3ue4t_27 layout-component layout-normal layout-padded body-medium\">Men p\u00e5 vissa h\u00e5ll i Sverige har det, meteorologiskt sett, inte ens varit sommar i \u00e5r.<\/p>\n<p class=\"_textTheme_4io5p_1 _paragraph_16k26_4 _paragraph_3ue4t_27 layout-component layout-normal layout-padded body-medium\">F\u00f6r att sommaren ska anses ha anl\u00e4nt ska dygnsmedeltemperaturen vara minst 10 grader fem dygn i f\u00f6ljd. Det intr\u00e4ffade aldrig i Tarfala och Stekenjokk i norra Sverige.<\/p>\n<p class=\"_textTheme_4io5p_1 _paragraph_16k26_4 _paragraph_3ue4t_27 layout-component layout-normal layout-padded body-medium\">\u2013 Det har varit s\u00e5 kallt att man hoppat \u00f6ver hela \u00e5rstiden, s\u00e4ger Lasse Rydqvist.<\/p>\n<p> D\u00e5 kommer en ny v\u00e4rmev\u00e5g <\/p>\n<p class=\"_textTheme_4io5p_1 _paragraph_16k26_4 _paragraph_3ue4t_27 layout-component layout-normal layout-padded body-medium\">Men kommer 25-gradersv\u00e4rmen tillbaka?<\/p>\n<p class=\"_textTheme_4io5p_1 _paragraph_16k26_4 _paragraph_3ue4t_27 layout-component layout-normal layout-padded body-medium\">\u2013 Ja, s\u00e4ger Lasse Rydqvist.<\/p>\n<p class=\"_textTheme_4io5p_1 _paragraph_16k26_4 _paragraph_3ue4t_27 layout-component layout-normal layout-padded body-medium\">Och enligt honom beh\u00f6ver vi inte v\u00e4nta s\u00e4rskilt l\u00e4nge.<\/p>\n<p class=\"_textTheme_4io5p_1 _paragraph_16k26_4 _paragraph_3ue4t_27 layout-component layout-normal layout-padded body-medium\">\u2013 N\u00e4sta vecka st\u00e5r verkligen i kontrast till den h\u00e4r veckans regn.<\/p>\n<p class=\"_textTheme_4io5p_1 _paragraph_16k26_4 _paragraph_3ue4t_27 layout-component layout-normal layout-padded body-medium\">I b\u00f6rjan av n\u00e4sta vecka v\u00e4ntas ett h\u00f6gtryck p\u00e5verka hela landet, med soligare v\u00e4der som f\u00f6ljd.<\/p>\n<p class=\"_textTheme_4io5p_1 _paragraph_16k26_4 _paragraph_3ue4t_27 layout-component layout-normal layout-padded body-medium\">Och mot slutet av veckan kan det bli riktigt varmt.<\/p>\n<p class=\"_textTheme_4io5p_1 _paragraph_16k26_4 _paragraph_3ue4t_27 layout-component layout-normal layout-padded body-medium\">\u2013 Sedan p\u00e5 torsdag, fredag kommer varmluften hit fr\u00e5n Sydeuropa och det kan faktiskt bli 25\u201330 grader i G\u00f6taland och Svealand, s\u00e4ger Lasse Rydqvist.<\/p>\n<p class=\"_textTheme_4io5p_1 _paragraph_16k26_4 _paragraph_3ue4t_27 layout-component layout-normal layout-padded body-medium\">S\u00e5 nej, sommaren verkar inte vara \u00f6ver riktigt \u00e4n.<\/p>\n<p> <img alt=\"\" class=\"_image_1jxax_84 layout-component layout-normal\" data-fullscreen- data-track-element-type=\"Article image fullscreen\" data-track-name=\"ImageFullscreen\" decoding=\"async\" loading=\"lazy\" height=\"965\" itemprop=\"image\"  src=\"https:\/\/www.europesays.com\/se\/wp-content\/uploads\/2026\/08\/4c16dc9f-68bf-33a7-9b4e-88ac88fdeece.png\"  style=\"object-position:0% 0%\" width=\"2060\"\/>        <\/p>\n","protected":false},"excerpt":{"rendered":"Kyliga vindar bl\u00e5ser \u00f6ver delar av landet. Har sommaren g\u00e5tt \u00f6ver till h\u00f6st? Meteorologen Lasse Rydqvist svarar. Det&hellip;\n","protected":false},"author":2,"featured_media":348232,"comment_status":"","ping_status":"","sticky":false,"template":"","format":"standard","meta":{"footnotes":"","_share_on_mastodon":"0"},"categories":[67],"tags":[104,34,31,33,32,30,105,693],"class_list":["post-348231","post","type-post","status-publish","format-standard","has-post-thumbnail","category-underhallning","tag-entertainment","tag-se","tag-svenska","tag-sverige","tag-sweden","tag-swedish","tag-underhallning","tag-vader"],"share_on_mastodon":{"url":"https:\/\/pubeurope.com\/@se\/117138244834477659","error":""},"_links":{"self":[{"href":"https:\/\/www.europesays.com\/se\/wp-json\/wp\/v2\/posts\/348231","targetHints":{"allow":["GET"]}}],"collection":[{"href":"https:\/\/www.europesays.com\/se\/wp-json\/wp\/v2\/posts"}],"about":[{"href":"https:\/\/www.europesays.com\/se\/wp-json\/wp\/v2\/types\/post"}],"author":[{"embeddable":true,"href":"https:\/\/www.europesays.com\/se\/wp-json\/wp\/v2\/users\/2"}],"replies":[{"embeddable":true,"href":"https:\/\/www.europesays.com\/se\/wp-json\/wp\/v2\/comments?post=348231"}],"version-history":[{"count":0,"href":"https:\/\/www.europesays.com\/se\/wp-json\/wp\/v2\/posts\/348231\/revisions"}],"wp:featuredmedia":[{"embeddable":true,"href":"https:\/\/www.europesays.com\/se\/wp-json\/wp\/v2\/media\/348232"}],"wp:attachment":[{"href":"https:\/\/www.europesays.com\/se\/wp-json\/wp\/v2\/media?parent=348231"}],"wp:term":[{"taxonomy":"category","embeddable":true,"href":"https:\/\/www.europesays.com\/se\/wp-json\/wp\/v2\/categories?post=348231"},{"taxonomy":"post_tag","embeddable":true,"href":"https:\/\/www.europesays.com\/se\/wp-json\/wp\/v2\/tags?post=348231"}],"curies":[{"name":"wp","href":"https:\/\/api.w.org\/{rel}","templated":true}]}}