{"id":348239,"date":"2026-08-22T08:45:08","date_gmt":"2026-08-22T08:45:08","guid":{"rendered":"https:\/\/www.europesays.com\/se\/348239\/"},"modified":"2026-08-22T08:45:08","modified_gmt":"2026-08-22T08:45:08","slug":"italiens-premiarminister-trodde-att-relationen-till-trump-skulle-vara-battre","status":"publish","type":"post","link":"https:\/\/www.europesays.com\/se\/348239\/","title":{"rendered":"Italiens premi\u00e4rminister: Trodde att relationen till Trump skulle vara b\u00e4ttre"},"content":{"rendered":"<p>Den italienska premi\u00e4rministern Giorgia Meloni \u00e4r f\u00f6rv\u00e5nad \u00f6ver att relationen med USA:s president Donald Trump har f\u00f6rs\u00e4mrats. <\/p>\n<p>I en intervju med New York Times s\u00e4ger h\u00f6gerledaren att hon och Trump har samsyn i m\u00e5nga fr\u00e5gor, bland annat migrationspolitik. D\u00e4rf\u00f6r trodde hon att samarbetet skulle fungera bra. <\/p>\n<p>\u2013 Saker och ting har blivit annorlunda, s\u00e4ger hon.<\/p>\n<p>Trump har g\u00e5tt h\u00e5rt \u00e5t flera europeiska l\u00e4nder, d\u00e4ribland Italien. I somras l\u00e5g han och Meloni i \u00f6ppet ordbr\u00e5k med varandra. I intervjun s\u00e4ger premi\u00e4rministern att hon \u00e4r en extremt \u00e4rlig person. <\/p>\n<p>\u2013 Jag s\u00e4ger aldrig n\u00e5gonting som jag inte menar. <\/p>\n<p>L\u00e4s hela intervjun via l\u00e4nken nedan. <\/p>\n<p>Under rubriken \u201dIntervjuer\u201d rekommenderar Omni-redaktionen under helgen n\u00e5gra intressanta intervjuer med personer fr\u00e5n flera vitt skilda branscher.<\/p>\n<p>Svepen \u00e4r en del av Omnis helgsatsning med rekommendationer p\u00e5 l\u00e4sv\u00e4rda, aktuella och intressanta recensioner och intervjuer som publiceras varje helg. <\/p>\n<p>Omni \u00e4r politiskt obundna och oberoende. Vi str\u00e4var efter att ge fler perspektiv p\u00e5 nyheterna. Har du fr\u00e5gor eller synpunkter kring v\u00e5r rapportering? <a href=\"https:\/\/omni.se\/italiens-premiarminister-trodde-att-relationen-till-trump-skulle-vara-battre\/a\/mailto:redaktion@omni.se\" class=\"ArticleActions-module-scss-module__w9u9BG__contactLink\" rel=\"nofollow noopener\" target=\"_blank\">Kontakta redaktionen<\/a><\/p>\n","protected":false},"excerpt":{"rendered":"Den italienska premi\u00e4rministern Giorgia Meloni \u00e4r f\u00f6rv\u00e5nad \u00f6ver att relationen med USA:s president Donald Trump har f\u00f6rs\u00e4mrats. I&hellip;\n","protected":false},"author":2,"featured_media":348240,"comment_status":"","ping_status":"","sticky":false,"template":"","format":"standard","meta":{"footnotes":"","_share_on_mastodon":"0"},"categories":[14],"tags":[387,22,23,385,267,26,27,4517,17,270,21,692,39269,24,25,28,29,15,268,16,18,34,31,33,32,30,19,20,74,51,52,53,54],"class_list":["post-348239","post","type-post","status-publish","format-standard","has-post-thumbnail","category-varlden","tag-amerikansk-politik","tag-breaking-news","tag-breakingnews","tag-donald-trump","tag-europa","tag-featured-news","tag-featurednews","tag-giorgia-meloni","tag-headlines","tag-helg","tag-huvudnyheter","tag-italien","tag-italiensk-politik","tag-latest-news","tag-latestnews","tag-main-news","tag-mainnews","tag-news","tag-nordamerika","tag-nyheter","tag-rubriker","tag-se","tag-svenska","tag-sverige","tag-sweden","tag-swedish","tag-top-stories","tag-topstories","tag-usa","tag-varlden","tag-world","tag-world-news","tag-worldnews"],"share_on_mastodon":{"url":"https:\/\/pubeurope.com\/@se\/117138287824134725","error":""},"_links":{"self":[{"href":"https:\/\/www.europesays.com\/se\/wp-json\/wp\/v2\/posts\/348239","targetHints":{"allow":["GET"]}}],"collection":[{"href":"https:\/\/www.europesays.com\/se\/wp-json\/wp\/v2\/posts"}],"about":[{"href":"https:\/\/www.europesays.com\/se\/wp-json\/wp\/v2\/types\/post"}],"author":[{"embeddable":true,"href":"https:\/\/www.europesays.com\/se\/wp-json\/wp\/v2\/users\/2"}],"replies":[{"embeddable":true,"href":"https:\/\/www.europesays.com\/se\/wp-json\/wp\/v2\/comments?post=348239"}],"version-history":[{"count":0,"href":"https:\/\/www.europesays.com\/se\/wp-json\/wp\/v2\/posts\/348239\/revisions"}],"wp:featuredmedia":[{"embeddable":true,"href":"https:\/\/www.europesays.com\/se\/wp-json\/wp\/v2\/media\/348240"}],"wp:attachment":[{"href":"https:\/\/www.europesays.com\/se\/wp-json\/wp\/v2\/media?parent=348239"}],"wp:term":[{"taxonomy":"category","embeddable":true,"href":"https:\/\/www.europesays.com\/se\/wp-json\/wp\/v2\/categories?post=348239"},{"taxonomy":"post_tag","embeddable":true,"href":"https:\/\/www.europesays.com\/se\/wp-json\/wp\/v2\/tags?post=348239"}],"curies":[{"name":"wp","href":"https:\/\/api.w.org\/{rel}","templated":true}]}}