{"id":348253,"date":"2026-08-22T09:14:15","date_gmt":"2026-08-22T09:14:15","guid":{"rendered":"https:\/\/www.europesays.com\/se\/348253\/"},"modified":"2026-08-22T09:14:15","modified_gmt":"2026-08-22T09:14:15","slug":"peter-englund-om-boken-om-att-misslyckas-och-havererade-aktenskap","status":"publish","type":"post","link":"https:\/\/www.europesays.com\/se\/348253\/","title":{"rendered":"Peter Englund om boken \u201dOm att misslyckas\u201d och havererade \u00e4ktenskap"},"content":{"rendered":"<p>  <img alt=\"\" class=\"_image_1jxax_84 layout-component layout-wide\" data-fullscreen- data-track-element-type=\"Article image fullscreen\" data-track-name=\"ImageFullscreen\" fetchpriority=\"high\" decoding=\"sync\" loading=\"eager\" height=\"3484\" itemprop=\"image\"  src=\"https:\/\/www.europesays.com\/se\/wp-content\/uploads\/2026\/08\/0cc51a00-de18-3169-b5a7-e5059f48b467.jpeg\"  style=\"object-position:50.742375601926156% 48.90929965556831%\" width=\"4984\"\/><\/p>\n<p class=\"_textTheme_zldsx_1 _lead_16k26_2 _lead_3ue4t_18 layout-component layout-normal layout-padded _lead_o6m9k_5 _leadTheme_1q6sv_1 body-large bold\">Havererade \u00e4ktenskap och katastrofala f\u00f6retags\u00adsatsningar. I en ny bok utforskar f\u00f6rfattaren Peter Englund mekanismerna bakom sina egna och andras misslyckanden.<\/p>\n<ul aria-hidden=\"true\" class=\"_images_1lr5y_103\">\n<li><a class=\"_link_1lr5y_108\" href=\"https:\/\/www.svd.se\/av\/elisabet-andersson\" title=\"Elisabet Andersson\" tabindex=\"-1\" rel=\"nofollow noopener\" target=\"_blank\"><img alt=\"Bild av Elisabet Andersson\" class=\"_image_1lr5y_85\" fetchpriority=\"low\" decoding=\"async\" itemprop=\"image\" loading=\"lazy\"  src=\"https:\/\/www.europesays.com\/se\/wp-content\/uploads\/2026\/08\/cc614862-fa6a-4b9d-8e07-d40ee219acf6.png\"  width=\"480\"\/><\/a><\/li>\n<li><a class=\"_link_1lr5y_108\" href=\"https:\/\/www.svd.se\/av\/ari-luostarinen-2\" title=\"Ari Luostarinen\" tabindex=\"-1\" rel=\"nofollow noopener\" target=\"_blank\"><img alt=\"Bild av Ari Luostarinen\" class=\"_image_1lr5y_85\" fetchpriority=\"low\" decoding=\"async\" itemprop=\"image\" loading=\"lazy\"  src=\"https:\/\/www.europesays.com\/se\/wp-content\/uploads\/2026\/08\/1787390055_255_ddab1866-c282-41b6-9ae7-3e496f572cfc.png\"  width=\"480\"\/><\/a><\/li>\n<\/ul>\n<p class=\"_textTheme_zldsx_1 _paragraph_16k26_4 _paragraph_3ue4t_27 layout-component layout-normal layout-padded body-medium\">Peter Englund har kn\u00f6lat in plastp\u00e5sar i ugnen. Det ser ut som n\u00e5got som kan sluta illa, men han f\u00f6rs\u00e4krar att ugnen i arbetslyan alltid \u00e4r avst\u00e4ngd. <\/p>\n<p class=\"_textTheme_zldsx_1 _paragraph_16k26_4 _paragraph_3ue4t_27 layout-component layout-normal layout-padded body-medium\">Proppen \u00e4r dessutom urdragen. Sj\u00e4lv \u00e4r han en \u201dfloppfobiker\u201d som \u00e4r r\u00e4dd f\u00f6r att saker ska g\u00e5 fel. <\/p>\n","protected":false},"excerpt":{"rendered":"Havererade \u00e4ktenskap och katastrofala f\u00f6retags\u00adsatsningar. I en ny bok utforskar f\u00f6rfattaren Peter Englund mekanismerna bakom sina egna och&hellip;\n","protected":false},"author":2,"featured_media":348254,"comment_status":"","ping_status":"","sticky":false,"template":"","format":"standard","meta":{"footnotes":"","_share_on_mastodon":"0"},"categories":[67],"tags":[104,39273,39272,34,21491,31,252,33,32,30,105],"class_list":["post-348253","post","type-post","status-publish","format-standard","has-post-thumbnail","category-underhallning","tag-entertainment","tag-horace-engdahl","tag-peter-englund","tag-se","tag-svd-berattande-kultur","tag-svenska","tag-svenska-akademien","tag-sverige","tag-sweden","tag-swedish","tag-underhallning"],"share_on_mastodon":{"url":"https:\/\/pubeurope.com\/@se\/117138402467208749","error":""},"_links":{"self":[{"href":"https:\/\/www.europesays.com\/se\/wp-json\/wp\/v2\/posts\/348253","targetHints":{"allow":["GET"]}}],"collection":[{"href":"https:\/\/www.europesays.com\/se\/wp-json\/wp\/v2\/posts"}],"about":[{"href":"https:\/\/www.europesays.com\/se\/wp-json\/wp\/v2\/types\/post"}],"author":[{"embeddable":true,"href":"https:\/\/www.europesays.com\/se\/wp-json\/wp\/v2\/users\/2"}],"replies":[{"embeddable":true,"href":"https:\/\/www.europesays.com\/se\/wp-json\/wp\/v2\/comments?post=348253"}],"version-history":[{"count":0,"href":"https:\/\/www.europesays.com\/se\/wp-json\/wp\/v2\/posts\/348253\/revisions"}],"wp:featuredmedia":[{"embeddable":true,"href":"https:\/\/www.europesays.com\/se\/wp-json\/wp\/v2\/media\/348254"}],"wp:attachment":[{"href":"https:\/\/www.europesays.com\/se\/wp-json\/wp\/v2\/media?parent=348253"}],"wp:term":[{"taxonomy":"category","embeddable":true,"href":"https:\/\/www.europesays.com\/se\/wp-json\/wp\/v2\/categories?post=348253"},{"taxonomy":"post_tag","embeddable":true,"href":"https:\/\/www.europesays.com\/se\/wp-json\/wp\/v2\/tags?post=348253"}],"curies":[{"name":"wp","href":"https:\/\/api.w.org\/{rel}","templated":true}]}}