{"id":348343,"date":"2026-08-22T11:30:11","date_gmt":"2026-08-22T11:30:11","guid":{"rendered":"https:\/\/www.europesays.com\/se\/348343\/"},"modified":"2026-08-22T11:30:11","modified_gmt":"2026-08-22T11:30:11","slug":"sa-vill-maximilian-hahn-bygga-dif-det-ar-dar-man-kan-hitta-gomda-juveler","status":"publish","type":"post","link":"https:\/\/www.europesays.com\/se\/348343\/","title":{"rendered":"S\u00e5 vill Maximilian Hahn bygga DIF: \u201dDet \u00e4r d\u00e4r man kan hitta g\u00f6mda juveler\u201d"},"content":{"rendered":"<p>                                <img loading=\"lazy\" width=\"1000\" height=\"650\" src=\"https:\/\/www.europesays.com\/se\/wp-content\/uploads\/2026\/08\/MaximilianHahn1-e1787233639204.jpg\" class=\"attachment-full size-full wp-post-image\" alt=\"S\u00e5 vill Maximilian Hahn bygga DIF: \u201dDet \u00e4r d\u00e4r man kan hitta g\u00f6mda juveler\u201d\" title=\"\" decoding=\"async\"  \/>                            <\/p>\n<p><strong>Maximilian Hahn tilltr\u00e4dde som fotbollschef f\u00f6r Djurg\u00e5rden i b\u00f6rjan p\u00e5 juli.<\/strong><\/p>\n<p><strong>Under tv\u00e5 m\u00e5nader har han l\u00e4rt k\u00e4nna sin nya milj\u00f6 och vet hur han vill f\u00f6rb\u00e4ttra den.<\/strong><\/p>\n<p><strong>\u2013 Akademin \u00e4r s\u00e5 viktig f\u00f6r oss och vi m\u00e5ste till\u00e5ta oss att ge dem den r\u00e4tta v\u00e4gen, s\u00e4ger han.<\/strong><\/p>\n<p>  Redan prenumerant? <a href=\"https:\/\/fotbollsthlm.se\/login\/\" style=\"color:blue;\" rel=\"nofollow noopener\" target=\"_blank\">Logga in<\/a> f\u00f6r att l\u00e4sa.<\/p>\n<p>Eller bli <a href=\"https:\/\/fotbollsthlm.se\/plus\/\" style=\"color:blue;\" rel=\"nofollow noopener\" target=\"_blank\">Prenumerant<\/a> &#13;\n    <\/p>\n<p>\u2022 Tillg\u00e5ng till allt material p\u00e5 Fotboll Sthlm <br \/>&#13;<br \/>\n\u2022 L\u00f6pande prenumeration, utan bindningstid <br \/>&#13;<br \/>\n\u2022 99 kronor f\u00f6r 30 dagar&#13;\n    <\/p>\n<p>                                <a href=\"https:\/\/fotbollsthlm.se\/tag\/djurgarden\/\" rel=\"tag nofollow noopener\" target=\"_blank\">Djurg\u00e5rden<\/a>, <a href=\"https:\/\/fotbollsthlm.se\/tag\/plus\/\" rel=\"tag nofollow noopener\" target=\"_blank\">Plus<\/a>                            <\/p>\n","protected":false},"excerpt":{"rendered":"Maximilian Hahn tilltr\u00e4dde som fotbollschef f\u00f6r Djurg\u00e5rden i b\u00f6rjan p\u00e5 juli. Under tv\u00e5 m\u00e5nader har han l\u00e4rt k\u00e4nna&hellip;\n","protected":false},"author":2,"featured_media":348344,"comment_status":"","ping_status":"","sticky":false,"template":"","format":"standard","meta":{"footnotes":"","_share_on_mastodon":"0"},"categories":[68],"tags":[7955,9471,34,111,110,31,33,32,30],"class_list":["post-348343","post","type-post","status-publish","format-standard","has-post-thumbnail","category-sport","tag-djurgarden","tag-plus","tag-se","tag-sport","tag-sports","tag-svenska","tag-sverige","tag-sweden","tag-swedish"],"share_on_mastodon":{"url":"https:\/\/pubeurope.com\/@se\/117138937129356483","error":""},"_links":{"self":[{"href":"https:\/\/www.europesays.com\/se\/wp-json\/wp\/v2\/posts\/348343","targetHints":{"allow":["GET"]}}],"collection":[{"href":"https:\/\/www.europesays.com\/se\/wp-json\/wp\/v2\/posts"}],"about":[{"href":"https:\/\/www.europesays.com\/se\/wp-json\/wp\/v2\/types\/post"}],"author":[{"embeddable":true,"href":"https:\/\/www.europesays.com\/se\/wp-json\/wp\/v2\/users\/2"}],"replies":[{"embeddable":true,"href":"https:\/\/www.europesays.com\/se\/wp-json\/wp\/v2\/comments?post=348343"}],"version-history":[{"count":0,"href":"https:\/\/www.europesays.com\/se\/wp-json\/wp\/v2\/posts\/348343\/revisions"}],"wp:featuredmedia":[{"embeddable":true,"href":"https:\/\/www.europesays.com\/se\/wp-json\/wp\/v2\/media\/348344"}],"wp:attachment":[{"href":"https:\/\/www.europesays.com\/se\/wp-json\/wp\/v2\/media?parent=348343"}],"wp:term":[{"taxonomy":"category","embeddable":true,"href":"https:\/\/www.europesays.com\/se\/wp-json\/wp\/v2\/categories?post=348343"},{"taxonomy":"post_tag","embeddable":true,"href":"https:\/\/www.europesays.com\/se\/wp-json\/wp\/v2\/tags?post=348343"}],"curies":[{"name":"wp","href":"https:\/\/api.w.org\/{rel}","templated":true}]}}