{"id":348419,"date":"2026-08-22T13:58:15","date_gmt":"2026-08-22T13:58:15","guid":{"rendered":"https:\/\/www.europesays.com\/se\/348419\/"},"modified":"2026-08-22T13:58:15","modified_gmt":"2026-08-22T13:58:15","slug":"rannebro-rasade-under-brollop-i-norge-flera-skadade","status":"publish","type":"post","link":"https:\/\/www.europesays.com\/se\/348419\/","title":{"rendered":"R\u00e4nnebro rasade under br\u00f6llop i Norge \u2013 flera skadade"},"content":{"rendered":"<p>  <a class=\"_link_1lr5y_108\" href=\"https:\/\/aftonbladet.se\/av\/vilma-stromberg\" title=\"Vilma Str\u00f6mberg\" rel=\"nofollow noopener\" target=\"_blank\"><img alt=\"Bild av Vilma Str\u00f6mberg\" class=\"_image_1lr5y_85\" fetchpriority=\"low\" decoding=\"async\" itemprop=\"image\" loading=\"lazy\"  src=\"https:\/\/www.europesays.com\/se\/wp-content\/uploads\/2026\/08\/1787407094_207_49bff9f2-9f2e-3cb7-a158-29460ff5a86b.png\"  width=\"480\"\/><\/a> <img alt=\"Arkivbild.\" class=\"_image_1jxax_84 layout-component layout-wide\" data-fullscreen- data-track-element-type=\"Article image fullscreen\" data-track-name=\"ImageFullscreen\" fetchpriority=\"high\" decoding=\"sync\" loading=\"eager\" height=\"3537\" itemprop=\"image\"  src=\"https:\/\/www.europesays.com\/se\/wp-content\/uploads\/2026\/08\/c4532e7d-8c60-3c2c-9eb3-3d9d72c61413.jpeg\"  style=\"object-position:44.50518378887842% 54.255018377155785%\" width=\"5305\"\/>Arkivbild.  Foto: Trond R. Teigen\/NTBVisa mer<\/p>\n<p class=\"_textTheme_4io5p_1 _lead_16k26_2 _lead_3ue4t_18 layout-component layout-normal layout-padded _lead_o6m9k_5 _leadTheme_cypwp_1 body-large bold\">En r\u00e4nnebro till en lada har rasat under ett br\u00f6llop i Norge.<\/p>\n<p class=\"_textTheme_4io5p_1 _lead_16k26_2 _lead_3ue4t_18 layout-component layout-normal layout-padded _lead_o6m9k_5 _leadTheme_cypwp_1 body-large bold\">Omkring 20 personer uppges ha varit p\u00e5 bron n\u00e4r den gav vika.<\/p>\n<p class=\"_textTheme_4io5p_1 _lead_16k26_2 _lead_3ue4t_18 layout-component layout-normal layout-padded _lead_o6m9k_5 _leadTheme_cypwp_1 body-large bold\">Flera personer har skadats.<\/p>\n<p class=\"_textTheme_4io5p_1 _paragraph_16k26_4 _paragraph_3ue4t_27 layout-component layout-normal layout-padded body-medium\">Flera personer har skadats efter att en r\u00e4nnebro till lada, som leder till ladans \u00f6vre plan, rasat under ett br\u00f6llop i Grue kommun i Innlandet i Norge. Det <a href=\"https:\/\/www.vg.no\/nyheter\/i\/Bxvq9Q\/innlandet-laavebru-kollapset-under-bryllup\" class=\"_link_16k26_32\" rel=\"nofollow noopener\" target=\"_blank\">rapporterar VG.<\/a><\/p>\n<p class=\"_textTheme_4io5p_1 _paragraph_16k26_4 _paragraph_3ue4t_27 layout-component layout-normal layout-padded body-medium\">Larmet kom in till polisen klockan 14.21.<\/p>\n<p class=\"_textTheme_4io5p_1 _paragraph_16k26_4 _paragraph_3ue4t_27 layout-component layout-normal layout-padded body-medium\">\u2013 Det \u00e4r ok\u00e4nt hur m\u00e5nga som har skadats, men allvarliga skador har rapporterats. En ambulanshelikopter har anl\u00e4nt, skriver insatschef Per Solberg, enligt tidningen.<\/p>\n<p class=\"_textTheme_4io5p_1 _paragraph_16k26_4 _paragraph_3ue4t_27 layout-component layout-normal layout-padded body-medium\">Det ska ha varit omkring 20 personer p\u00e5 bron n\u00e4r den rasade. Tv\u00e5 personer kan vara allvarligt skadade, enligt polisen.<\/p>\n","protected":false},"excerpt":{"rendered":"Arkivbild. Foto: Trond R. Teigen\/NTBVisa mer En r\u00e4nnebro till en lada har rasat under ett br\u00f6llop i Norge.&hellip;\n","protected":false},"author":2,"featured_media":348420,"comment_status":"","ping_status":"","sticky":false,"template":"","format":"standard","meta":{"footnotes":"","_share_on_mastodon":"0"},"categories":[5],"tags":[22,23,26,27,17,21,24,25,28,29,15,430,16,18,34,31,33,32,30,19,20],"class_list":["post-348419","post","type-post","status-publish","format-standard","has-post-thumbnail","category-rubriker","tag-breaking-news","tag-breakingnews","tag-featured-news","tag-featurednews","tag-headlines","tag-huvudnyheter","tag-latest-news","tag-latestnews","tag-main-news","tag-mainnews","tag-news","tag-norge","tag-nyheter","tag-rubriker","tag-se","tag-svenska","tag-sverige","tag-sweden","tag-swedish","tag-top-stories","tag-topstories"],"share_on_mastodon":{"url":"https:\/\/pubeurope.com\/@se\/117139519314463893","error":""},"_links":{"self":[{"href":"https:\/\/www.europesays.com\/se\/wp-json\/wp\/v2\/posts\/348419","targetHints":{"allow":["GET"]}}],"collection":[{"href":"https:\/\/www.europesays.com\/se\/wp-json\/wp\/v2\/posts"}],"about":[{"href":"https:\/\/www.europesays.com\/se\/wp-json\/wp\/v2\/types\/post"}],"author":[{"embeddable":true,"href":"https:\/\/www.europesays.com\/se\/wp-json\/wp\/v2\/users\/2"}],"replies":[{"embeddable":true,"href":"https:\/\/www.europesays.com\/se\/wp-json\/wp\/v2\/comments?post=348419"}],"version-history":[{"count":0,"href":"https:\/\/www.europesays.com\/se\/wp-json\/wp\/v2\/posts\/348419\/revisions"}],"wp:featuredmedia":[{"embeddable":true,"href":"https:\/\/www.europesays.com\/se\/wp-json\/wp\/v2\/media\/348420"}],"wp:attachment":[{"href":"https:\/\/www.europesays.com\/se\/wp-json\/wp\/v2\/media?parent=348419"}],"wp:term":[{"taxonomy":"category","embeddable":true,"href":"https:\/\/www.europesays.com\/se\/wp-json\/wp\/v2\/categories?post=348419"},{"taxonomy":"post_tag","embeddable":true,"href":"https:\/\/www.europesays.com\/se\/wp-json\/wp\/v2\/tags?post=348419"}],"curies":[{"name":"wp","href":"https:\/\/api.w.org\/{rel}","templated":true}]}}