{"id":348515,"date":"2026-08-22T16:18:30","date_gmt":"2026-08-22T16:18:30","guid":{"rendered":"https:\/\/www.europesays.com\/se\/348515\/"},"modified":"2026-08-22T16:18:30","modified_gmt":"2026-08-22T16:18:30","slug":"carolyn-rodrigues-birkett-ar-ny-favorit-till-att-ta-over-fn","status":"publish","type":"post","link":"https:\/\/www.europesays.com\/se\/348515\/","title":{"rendered":"Carolyn Rodrigues-Birkett \u00e4r ny favorit till att ta \u00f6ver FN"},"content":{"rendered":"<p>  <img alt=\"Guyanas FN-ambassad\u00f6r Carolyn Rodrigues-Birkett Under ett m\u00f6te i s\u00e4kerhetsr\u00e5det 2025.\" class=\"_image_1jxax_84 layout-component layout-wide\" data-fullscreen- data-track-element-type=\"Article image fullscreen\" data-track-name=\"ImageFullscreen\" fetchpriority=\"high\" decoding=\"sync\" loading=\"eager\" height=\"2064\" itemprop=\"image\"  src=\"https:\/\/www.europesays.com\/se\/wp-content\/uploads\/2026\/08\/861efa14-f665-3fc2-b50b-54e99c8563f7.jpeg\"  style=\"object-position:0% 0%\" width=\"3096\"\/>Guyanas FN-ambassad\u00f6r Carolyn Rodrigues-Birkett Under ett m\u00f6te i s\u00e4kerhetsr\u00e5det 2025.  Foto: Richard Drew\/AP\/TTVisa mer<\/p>\n<p class=\"_textTheme_zldsx_1 _lead_16k26_2 _lead_3ue4t_18 layout-component layout-normal layout-padded _lead_o6m9k_5 _leadTheme_1q6sv_1 body-large bold\">Efter \u00e4nnu en informell omr\u00f6stning i FN:s s\u00e4kerhetsr\u00e5d har Carolyn Rodrigues-Birkett fr\u00e5n Guyana klivit fram som ny favorit till att bli v\u00e4rldsorganisationens nya generalsekreterare.<\/p>\n<p class=\"_textTheme_zldsx_1 _paragraph_16k26_4 _paragraph_3ue4t_27 layout-component layout-normal layout-padded body-medium\">Rodrigues-Birkett tog med knapp marginal t\u00e4ten efter s\u00e4kerhetsr\u00e5dets 15 medlemmar r\u00f6stat en andra g\u00e5ng p\u00e5 fredagen, enligt diplomatiska k\u00e4llor<\/p>\n<p class=\"_textTheme_zldsx_1 _paragraph_16k26_4 _paragraph_3ue4t_27 layout-component layout-normal layout-padded body-medium\">Den 52-\u00e5riga FN-ambassad\u00f6ren, som ocks\u00e5 varit Guyanas utrikesminister, fick \u00e5tta r\u00f6ster som uppmuntrade valet av henne, tre som avr\u00e5dde, samt fyra \u201dutan uppfattning\u201d.<\/p>\n<p class=\"_textTheme_zldsx_1 _paragraph_16k26_4 _paragraph_3ue4t_27 layout-component layout-normal layout-padded body-medium\">Hon placerar sig d\u00e4rmed f\u00f6re Costa Ricas Rebeca Grynspan, som tog en knapp t\u00e4tposition vid den f\u00f6rsta informella omr\u00f6stningen i juli.<\/p>\n<p class=\"_textTheme_zldsx_1 _paragraph_16k26_4 _paragraph_3ue4t_27 layout-component layout-normal layout-padded body-medium\">De informella omr\u00f6stningarna v\u00e4ntas forts\u00e4tta i flera omg\u00e5ngar till. Sammanlagt \u00e5tta kandidater k\u00e4mpar om att ers\u00e4tta Ant\u00f3nio Guterres, som avg\u00e5r vid \u00e5rsskiftet.<\/p>\n","protected":false},"excerpt":{"rendered":"Guyanas FN-ambassad\u00f6r Carolyn Rodrigues-Birkett Under ett m\u00f6te i s\u00e4kerhetsr\u00e5det 2025. Foto: Richard Drew\/AP\/TTVisa mer Efter \u00e4nnu en informell&hellip;\n","protected":false},"author":2,"featured_media":348516,"comment_status":"","ping_status":"","sticky":false,"template":"","format":"standard","meta":{"footnotes":"","_share_on_mastodon":"0"},"categories":[5],"tags":[22,23,26,27,2150,17,21,24,25,28,29,15,16,18,34,31,33,32,30,19,20],"class_list":["post-348515","post","type-post","status-publish","format-standard","has-post-thumbnail","category-rubriker","tag-breaking-news","tag-breakingnews","tag-featured-news","tag-featurednews","tag-fn","tag-headlines","tag-huvudnyheter","tag-latest-news","tag-latestnews","tag-main-news","tag-mainnews","tag-news","tag-nyheter","tag-rubriker","tag-se","tag-svenska","tag-sverige","tag-sweden","tag-swedish","tag-top-stories","tag-topstories"],"share_on_mastodon":{"url":"https:\/\/pubeurope.com\/@se\/117140069648014886","error":""},"_links":{"self":[{"href":"https:\/\/www.europesays.com\/se\/wp-json\/wp\/v2\/posts\/348515","targetHints":{"allow":["GET"]}}],"collection":[{"href":"https:\/\/www.europesays.com\/se\/wp-json\/wp\/v2\/posts"}],"about":[{"href":"https:\/\/www.europesays.com\/se\/wp-json\/wp\/v2\/types\/post"}],"author":[{"embeddable":true,"href":"https:\/\/www.europesays.com\/se\/wp-json\/wp\/v2\/users\/2"}],"replies":[{"embeddable":true,"href":"https:\/\/www.europesays.com\/se\/wp-json\/wp\/v2\/comments?post=348515"}],"version-history":[{"count":0,"href":"https:\/\/www.europesays.com\/se\/wp-json\/wp\/v2\/posts\/348515\/revisions"}],"wp:featuredmedia":[{"embeddable":true,"href":"https:\/\/www.europesays.com\/se\/wp-json\/wp\/v2\/media\/348516"}],"wp:attachment":[{"href":"https:\/\/www.europesays.com\/se\/wp-json\/wp\/v2\/media?parent=348515"}],"wp:term":[{"taxonomy":"category","embeddable":true,"href":"https:\/\/www.europesays.com\/se\/wp-json\/wp\/v2\/categories?post=348515"},{"taxonomy":"post_tag","embeddable":true,"href":"https:\/\/www.europesays.com\/se\/wp-json\/wp\/v2\/tags?post=348515"}],"curies":[{"name":"wp","href":"https:\/\/api.w.org\/{rel}","templated":true}]}}