{"id":348555,"date":"2026-08-22T17:35:28","date_gmt":"2026-08-22T17:35:28","guid":{"rendered":"https:\/\/www.europesays.com\/se\/348555\/"},"modified":"2026-08-22T17:35:28","modified_gmt":"2026-08-22T17:35:28","slug":"vara-spaningar-stressfri-afton-i-norr-nar-aik-avancerade-till-gruppspel","status":"publish","type":"post","link":"https:\/\/www.europesays.com\/se\/348555\/","title":{"rendered":"V\u00e5ra spaningar: Stressfri afton i norr n\u00e4r AIK avancerade till gruppspel"},"content":{"rendered":"<p>                                <img loading=\"lazy\" width=\"1000\" height=\"650\" src=\"https:\/\/www.europesays.com\/se\/wp-content\/uploads\/2026\/08\/BB260808MI090-e1787250565336.jpg\" class=\"attachment-full size-full wp-post-image\" alt=\"V\u00e5ra spaningar: Stressfri afton i norr n\u00e4r AIK avancerade till gruppspel\" title=\"\" decoding=\"async\"  \/>                            <\/p>\n<p><strong>AIK gjorde vad som kr\u00e4vdes n\u00e4r en biljett s\u00e4krades till svenska cupens gruppspel.<\/strong><\/p>\n<p><strong>Laget beh\u00f6vde inte briljera f\u00f6r att besegra Pite\u00e5 i en match d\u00e4r f\u00e5 spelare sattes p\u00e5 prov.<\/strong><\/p>\n<p><strong>H\u00e4r \u00e4r v\u00e5ra spaningar fr\u00e5n 3-0-segern.<\/strong><\/p>\n<p>  Redan prenumerant? <a href=\"https:\/\/fotbollsthlm.se\/login\/\" style=\"color:blue;\" rel=\"nofollow noopener\" target=\"_blank\">Logga in<\/a> f\u00f6r att l\u00e4sa.<\/p>\n<p>Eller bli <a href=\"https:\/\/fotbollsthlm.se\/plus\/\" style=\"color:blue;\" rel=\"nofollow noopener\" target=\"_blank\">Prenumerant<\/a> &#13;\n    <\/p>\n<p>\u2022 Tillg\u00e5ng till allt material p\u00e5 Fotboll Sthlm <br \/>&#13;<br \/>\n\u2022 L\u00f6pande prenumeration, utan bindningstid <br \/>&#13;<br \/>\n\u2022 99 kronor f\u00f6r 30 dagar&#13;\n    <\/p>\n<p>                                <a href=\"https:\/\/fotbollsthlm.se\/tag\/aik\/\" rel=\"tag nofollow noopener\" target=\"_blank\">AIK<\/a>, <a href=\"https:\/\/fotbollsthlm.se\/tag\/plus\/\" rel=\"tag nofollow noopener\" target=\"_blank\">Plus<\/a>                            <\/p>\n","protected":false},"excerpt":{"rendered":"AIK gjorde vad som kr\u00e4vdes n\u00e4r en biljett s\u00e4krades till svenska cupens gruppspel. Laget beh\u00f6vde inte briljera f\u00f6r&hellip;\n","protected":false},"author":2,"featured_media":348556,"comment_status":"","ping_status":"","sticky":false,"template":"","format":"standard","meta":{"footnotes":"","_share_on_mastodon":"0"},"categories":[68],"tags":[3711,9471,34,111,110,31,33,32,30],"class_list":["post-348555","post","type-post","status-publish","format-standard","has-post-thumbnail","category-sport","tag-aik","tag-plus","tag-se","tag-sport","tag-sports","tag-svenska","tag-sverige","tag-sweden","tag-swedish"],"share_on_mastodon":{"url":"https:\/\/pubeurope.com\/@se\/117140372326611622","error":""},"_links":{"self":[{"href":"https:\/\/www.europesays.com\/se\/wp-json\/wp\/v2\/posts\/348555","targetHints":{"allow":["GET"]}}],"collection":[{"href":"https:\/\/www.europesays.com\/se\/wp-json\/wp\/v2\/posts"}],"about":[{"href":"https:\/\/www.europesays.com\/se\/wp-json\/wp\/v2\/types\/post"}],"author":[{"embeddable":true,"href":"https:\/\/www.europesays.com\/se\/wp-json\/wp\/v2\/users\/2"}],"replies":[{"embeddable":true,"href":"https:\/\/www.europesays.com\/se\/wp-json\/wp\/v2\/comments?post=348555"}],"version-history":[{"count":0,"href":"https:\/\/www.europesays.com\/se\/wp-json\/wp\/v2\/posts\/348555\/revisions"}],"wp:featuredmedia":[{"embeddable":true,"href":"https:\/\/www.europesays.com\/se\/wp-json\/wp\/v2\/media\/348556"}],"wp:attachment":[{"href":"https:\/\/www.europesays.com\/se\/wp-json\/wp\/v2\/media?parent=348555"}],"wp:term":[{"taxonomy":"category","embeddable":true,"href":"https:\/\/www.europesays.com\/se\/wp-json\/wp\/v2\/categories?post=348555"},{"taxonomy":"post_tag","embeddable":true,"href":"https:\/\/www.europesays.com\/se\/wp-json\/wp\/v2\/tags?post=348555"}],"curies":[{"name":"wp","href":"https:\/\/api.w.org\/{rel}","templated":true}]}}