{"id":348649,"date":"2026-08-22T20:29:30","date_gmt":"2026-08-22T20:29:30","guid":{"rendered":"https:\/\/www.europesays.com\/se\/348649\/"},"modified":"2026-08-22T20:29:30","modified_gmt":"2026-08-22T20:29:30","slug":"netanyahu-om-turkiets-hallning-kan-inte-tolereras","status":"publish","type":"post","link":"https:\/\/www.europesays.com\/se\/348649\/","title":{"rendered":"Netanyahu om Turkiets h\u00e5llning: Kan inte tolereras"},"content":{"rendered":"<p>Israels premi\u00e4rminister Benjamin Netanyahu h\u00f6jer tonen mot Turkiets president Recep Tayyip Erdogan efter dennes involvering i konflikten i Mellan\u00f6stern, skriver AFP.<\/p>\n<p>I ett uttalande p\u00e5 fredagen kallade Netanyahu Erdogan f\u00f6r en \u201dantisemitisk diktator\u201d. Han sa ocks\u00e5 att Israel med kraft kommer att bem\u00f6ta vad han menar \u00e4r turkiska f\u00f6rs\u00f6k att destabilisera regionen.<\/p>\n<p>Utspelet kommer dagarna efter att israelisk milit\u00e4r har bombat en flygplats i norra Syrien, en anl\u00e4ggning d\u00e4r Turkiet uppges ha haft planer p\u00e5 att etablera milit\u00e4r n\u00e4rvaro.<\/p>\n<p>\u201dIsrael kan inte tolerera det\u201d, sa Netanyahu enligt uttalandet.<\/p>\n<p>Omni \u00e4r politiskt obundna och oberoende. Vi str\u00e4var efter att ge fler perspektiv p\u00e5 nyheterna. Har du fr\u00e5gor eller synpunkter kring v\u00e5r rapportering? <a href=\"https:\/\/omni.se\/netanyahu-om-turkiets-hallning-kan-inte-tolereras\/a\/mailto:redaktion@omni.se\" class=\"ArticleActions-module-scss-module__w9u9BG__contactLink\" rel=\"nofollow noopener\" target=\"_blank\">Kontakta redaktionen<\/a><\/p>\n","protected":false},"excerpt":{"rendered":"Israels premi\u00e4rminister Benjamin Netanyahu h\u00f6jer tonen mot Turkiets president Recep Tayyip Erdogan efter dennes involvering i konflikten i&hellip;\n","protected":false},"author":2,"featured_media":348650,"comment_status":"","ping_status":"","sticky":false,"template":"","format":"standard","meta":{"footnotes":"","_share_on_mastodon":"0"},"categories":[14],"tags":[1044,22,23,267,26,27,17,21,1750,342,24,25,28,29,124,125,15,16,6344,18,34,31,33,32,30,4251,19,20,1672,51,52,53,54],"class_list":["post-348649","post","type-post","status-publish","format-standard","has-post-thumbnail","category-varlden","tag-benjamin-netanyahu","tag-breaking-news","tag-breakingnews","tag-europa","tag-featured-news","tag-featurednews","tag-headlines","tag-huvudnyheter","tag-interpol","tag-israel","tag-latest-news","tag-latestnews","tag-main-news","tag-mainnews","tag-mellanostern","tag-mellanosternkrisen","tag-news","tag-nyheter","tag-recep-tayyip-erdogan","tag-rubriker","tag-se","tag-svenska","tag-sverige","tag-sweden","tag-swedish","tag-syrien","tag-top-stories","tag-topstories","tag-turkiet","tag-varlden","tag-world","tag-world-news","tag-worldnews"],"share_on_mastodon":{"url":"https:\/\/pubeurope.com\/@se\/117141056076377550","error":""},"_links":{"self":[{"href":"https:\/\/www.europesays.com\/se\/wp-json\/wp\/v2\/posts\/348649","targetHints":{"allow":["GET"]}}],"collection":[{"href":"https:\/\/www.europesays.com\/se\/wp-json\/wp\/v2\/posts"}],"about":[{"href":"https:\/\/www.europesays.com\/se\/wp-json\/wp\/v2\/types\/post"}],"author":[{"embeddable":true,"href":"https:\/\/www.europesays.com\/se\/wp-json\/wp\/v2\/users\/2"}],"replies":[{"embeddable":true,"href":"https:\/\/www.europesays.com\/se\/wp-json\/wp\/v2\/comments?post=348649"}],"version-history":[{"count":0,"href":"https:\/\/www.europesays.com\/se\/wp-json\/wp\/v2\/posts\/348649\/revisions"}],"wp:featuredmedia":[{"embeddable":true,"href":"https:\/\/www.europesays.com\/se\/wp-json\/wp\/v2\/media\/348650"}],"wp:attachment":[{"href":"https:\/\/www.europesays.com\/se\/wp-json\/wp\/v2\/media?parent=348649"}],"wp:term":[{"taxonomy":"category","embeddable":true,"href":"https:\/\/www.europesays.com\/se\/wp-json\/wp\/v2\/categories?post=348649"},{"taxonomy":"post_tag","embeddable":true,"href":"https:\/\/www.europesays.com\/se\/wp-json\/wp\/v2\/tags?post=348649"}],"curies":[{"name":"wp","href":"https:\/\/api.w.org\/{rel}","templated":true}]}}