{"id":348831,"date":"2026-08-23T03:31:38","date_gmt":"2026-08-23T03:31:38","guid":{"rendered":"https:\/\/www.europesays.com\/se\/348831\/"},"modified":"2026-08-23T03:31:38","modified_gmt":"2026-08-23T03:31:38","slug":"blir-du-ledsen-om-jag-dor-ar-bade-skicklig-och-osubtil","status":"publish","type":"post","link":"https:\/\/www.europesays.com\/se\/348831\/","title":{"rendered":"\u201dBlir du ledsen om jag d\u00f6r\u201d \u00e4r b\u00e5de skicklig och osubtil"},"content":{"rendered":"<p>Av Hedda Hallsenius<br \/>Publicerad: 21 aug.<\/p>\n<p>Nicolas Lunabbas b\u00e4sts\u00e4ljande sj\u00e4lvbiografi har blivit film. Recensenterna \u00e4r \u00f6verens om att skildringen av en tr\u00f6tt basketcoach och en 14-\u00e5rig talang som riskerar att hamna i g\u00e4ngkriminalitet \u00e4r vacker \u2013 och lite \u00f6vertydlig.<\/p>\n<p>DN:s Fredrik Sahlin skriver att filmen inte \u00e4r det mest subtila dramat han sett. Samtidigt tycker han att den kompenserar med \u201dkraft, patos och sj\u00e4lvklar fram\u00e5tr\u00f6relse\u201d.<\/p>\n<p>I SvD skriver Olga Ruin att \u201dBlir du ledsen\u201d \u00e4r en fin ungdomsfilm, men g\u00f6r sig \u201dfattigare som drama\u201d.<\/p>\n<p>Recensenterna gillar artisten Jason \u201dTimbuktu\u201d Diakit\u00e9 som Nics kollega, och Peshang Rad, som spelar Nic, blir ocks\u00e5 hyllad f\u00f6r sin sk\u00e5despelarinsats.<\/p>\n<p>Slutet upplevs dock som en smula klumpigt. GP tycker att ber\u00e4ttelsen blir \u201dlite v\u00e4l tillr\u00e4ttalagd\u201d, Aftonbladet kallar Nics brandtal om segregation \u201dlite \u00f6verf\u00f6rklarande\u201d och DN:s Fredrik Sahlin fr\u00e5gar sig om producenten tidigare jobbat f\u00f6r \u201dL\u00e4ttl\u00e4sta nyheter\u201d. <\/p>\n<p>\u201dMen det gravt aktuella temat och vetskapen om att det \u00e4r en verklig historia som utspelade sig f\u00f6r bara en grisblink sedan, ger \u00e4nd\u00e5 ber\u00e4ttelsen emfas och tyngd\u201d, kontrar Sahlin.<\/p>\n<p>Snittbetyget baseras p\u00e5 sex av sex recensioner.<\/p>\n<p>Varje helg tipsar Omni-redaktionen om de mest aktuella filmerna, tv-serierna, musiken, b\u00f6ckerna och mycket mer fr\u00e5n hela v\u00e4rlden. Genre kan variera fr\u00e5n vecka till vecka.<\/p>\n<p>Recensionssvepen \u00e4r en del av Omnis helgsatsning med rekommendationer p\u00e5 l\u00e4sv\u00e4rda, aktuella och intressanta recensioner och intervjuer som publiceras varje helg. <\/p>\n<p>Omni \u00e4r politiskt obundna och oberoende. Vi str\u00e4var efter att ge fler perspektiv p\u00e5 nyheterna. Har du fr\u00e5gor eller synpunkter kring v\u00e5r rapportering? <a href=\"https:\/\/omni.se\/blir-du-ledsen-om-jag-dor-ar-bade-skicklig-och-osubtil\/a\/mailto:redaktion@omni.se\" class=\"ArticleActions-module-scss-module__w9u9BG__contactLink\" rel=\"nofollow noopener\" target=\"_blank\">Kontakta redaktionen<\/a><\/p>\n","protected":false},"excerpt":{"rendered":"Av Hedda HallseniusPublicerad: 21 aug. Nicolas Lunabbas b\u00e4sts\u00e4ljande sj\u00e4lvbiografi har blivit film. Recensenterna \u00e4r \u00f6verens om att skildringen&hellip;\n","protected":false},"author":2,"featured_media":348832,"comment_status":"","ping_status":"","sticky":false,"template":"","format":"standard","meta":{"footnotes":"","_share_on_mastodon":"0"},"categories":[67],"tags":[39437,104,168,2096,270,39436,34,31,33,32,30,105],"class_list":["post-348831","post","type-post","status-publish","format-standard","has-post-thumbnail","category-underhallning","tag-timbuktu-jason-diakite","tag-entertainment","tag-film-tv","tag-filmrecensioner","tag-helg","tag-nicolas-lunabba","tag-se","tag-svenska","tag-sverige","tag-sweden","tag-swedish","tag-underhallning"],"share_on_mastodon":{"url":"https:\/\/pubeurope.com\/@se\/117142715510361295","error":""},"_links":{"self":[{"href":"https:\/\/www.europesays.com\/se\/wp-json\/wp\/v2\/posts\/348831","targetHints":{"allow":["GET"]}}],"collection":[{"href":"https:\/\/www.europesays.com\/se\/wp-json\/wp\/v2\/posts"}],"about":[{"href":"https:\/\/www.europesays.com\/se\/wp-json\/wp\/v2\/types\/post"}],"author":[{"embeddable":true,"href":"https:\/\/www.europesays.com\/se\/wp-json\/wp\/v2\/users\/2"}],"replies":[{"embeddable":true,"href":"https:\/\/www.europesays.com\/se\/wp-json\/wp\/v2\/comments?post=348831"}],"version-history":[{"count":0,"href":"https:\/\/www.europesays.com\/se\/wp-json\/wp\/v2\/posts\/348831\/revisions"}],"wp:featuredmedia":[{"embeddable":true,"href":"https:\/\/www.europesays.com\/se\/wp-json\/wp\/v2\/media\/348832"}],"wp:attachment":[{"href":"https:\/\/www.europesays.com\/se\/wp-json\/wp\/v2\/media?parent=348831"}],"wp:term":[{"taxonomy":"category","embeddable":true,"href":"https:\/\/www.europesays.com\/se\/wp-json\/wp\/v2\/categories?post=348831"},{"taxonomy":"post_tag","embeddable":true,"href":"https:\/\/www.europesays.com\/se\/wp-json\/wp\/v2\/tags?post=348831"}],"curies":[{"name":"wp","href":"https:\/\/api.w.org\/{rel}","templated":true}]}}