{"id":348919,"date":"2026-08-23T05:54:28","date_gmt":"2026-08-23T05:54:28","guid":{"rendered":"https:\/\/www.europesays.com\/se\/348919\/"},"modified":"2026-08-23T05:54:28","modified_gmt":"2026-08-23T05:54:28","slug":"hakan-hellstrom-overraskade-hos-veronica-maggio","status":"publish","type":"post","link":"https:\/\/www.europesays.com\/se\/348919\/","title":{"rendered":"H\u00e5kan Hellstr\u00f6m \u00f6verraskade hos Veronica Maggio"},"content":{"rendered":"<p>  <img alt=\"Veronica Maggio upptr\u00e4dde p\u00e5 Way Out West f\u00f6r n\u00e5gra veckor sedan. Arkivbild.\" class=\"_image_1jxax_84 layout-component layout-wide\" data-fullscreen- data-track-element-type=\"Article image fullscreen\" data-track-name=\"ImageFullscreen\" fetchpriority=\"high\" decoding=\"sync\" loading=\"eager\" height=\"5760\" itemprop=\"image\"  src=\"https:\/\/www.europesays.com\/se\/wp-content\/uploads\/2026\/08\/36e3d11f-cc35-3634-8945-68f78e7010e9.jpeg\"  style=\"object-position:0% 0%\" width=\"8640\"\/>Veronica Maggio upptr\u00e4dde p\u00e5 Way Out West f\u00f6r n\u00e5gra veckor sedan. Arkivbild.  Foto: Bj\u00f6rn Larsson Rosvall\/TTVisa mer<\/p>\n<p class=\"_textTheme_zldsx_1 _lead_16k26_2 _lead_3ue4t_18 layout-component layout-normal layout-padded _lead_o6m9k_5 _leadTheme_1q6sv_1 body-large bold\">Publiken fick en glad \u00f6verraskning n\u00e4r H\u00e5kan Hellstr\u00f6m klev ut p\u00e5 scenen under Veronica Maggios konsert p\u00e5 Stadion i Stockholm.<\/p>\n<p class=\"_textTheme_zldsx_1 _paragraph_16k26_4 _paragraph_3ue4t_27 layout-component layout-normal layout-padded body-medium\">Det var n\u00e4stan tv\u00e5 timmar in i konserten som Maggio p\u00e5annonserade Hellstr\u00f6m med att utbrista \u201dom H\u00e5kan inte kommer s\u00e5 st\u00e4ller jag in\u201d, skriver <a href=\"https:\/\/www.aftonbladet.se\/nojesbladet\/a\/OkeX3q\/veronica-maggio-pa-stadion-hakan-hellstrom-overraskar\" class=\"_link_16k26_32\" rel=\"nofollow noopener\" target=\"_blank\">Aftonbladet.<\/a><\/p>\n<p class=\"_textTheme_zldsx_1 _paragraph_16k26_4 _paragraph_3ue4t_27 layout-component layout-normal layout-padded body-medium\">Tillsammans sj\u00f6ng de sin gemensamma l\u00e5t \u201dHela huset\u201d och Hellstr\u00f6ms \u201dDet kommer aldrig va \u00f6ver f\u00f6r mig\u201d.<\/p>\n<p class=\"_textTheme_zldsx_1 _paragraph_16k26_4 _paragraph_3ue4t_27 layout-component layout-normal layout-padded body-medium\">\u2013 Stadion exploderade, s\u00e4ger Aftonbladets musikkritiker Markus Larsson till sin egen tidning.<\/p>\n<p class=\"_textTheme_zldsx_1 _paragraph_16k26_4 _paragraph_3ue4t_27 layout-component layout-normal layout-padded body-medium\">Under kv\u00e4llen g\u00e4stade \u00e4ven Salem Al Fakir, Vincent Pontare och Miriam Bryant.<\/p>\n<p class=\"_textTheme_zldsx_1 _paragraph_16k26_4 _paragraph_3ue4t_27 layout-component layout-normal layout-padded body-medium\">Den sluts\u00e5lda spelningen markerade att det har g\u00e5tt tio \u00e5r sedan Maggios konsert p\u00e5 stadion 2016, d\u00e5 hon genomf\u00f6rde vad som s\u00e4gs ha varit den d\u00e5 st\u00f6rsta konserten f\u00f6r en svensk kvinnlig artist.<\/p>\n","protected":false},"excerpt":{"rendered":"Veronica Maggio upptr\u00e4dde p\u00e5 Way Out West f\u00f6r n\u00e5gra veckor sedan. Arkivbild. Foto: Bj\u00f6rn Larsson Rosvall\/TTVisa mer Publiken&hellip;\n","protected":false},"author":2,"featured_media":348920,"comment_status":"","ping_status":"","sticky":false,"template":"","format":"standard","meta":{"footnotes":"","_share_on_mastodon":"0"},"categories":[67],"tags":[104,34,31,33,32,30,105,5343],"class_list":["post-348919","post","type-post","status-publish","format-standard","has-post-thumbnail","category-underhallning","tag-entertainment","tag-se","tag-svenska","tag-sverige","tag-sweden","tag-swedish","tag-underhallning","tag-veronica-maggio"],"share_on_mastodon":{"url":"https:\/\/pubeurope.com\/@se\/117143277962100804","error":""},"_links":{"self":[{"href":"https:\/\/www.europesays.com\/se\/wp-json\/wp\/v2\/posts\/348919","targetHints":{"allow":["GET"]}}],"collection":[{"href":"https:\/\/www.europesays.com\/se\/wp-json\/wp\/v2\/posts"}],"about":[{"href":"https:\/\/www.europesays.com\/se\/wp-json\/wp\/v2\/types\/post"}],"author":[{"embeddable":true,"href":"https:\/\/www.europesays.com\/se\/wp-json\/wp\/v2\/users\/2"}],"replies":[{"embeddable":true,"href":"https:\/\/www.europesays.com\/se\/wp-json\/wp\/v2\/comments?post=348919"}],"version-history":[{"count":0,"href":"https:\/\/www.europesays.com\/se\/wp-json\/wp\/v2\/posts\/348919\/revisions"}],"wp:featuredmedia":[{"embeddable":true,"href":"https:\/\/www.europesays.com\/se\/wp-json\/wp\/v2\/media\/348920"}],"wp:attachment":[{"href":"https:\/\/www.europesays.com\/se\/wp-json\/wp\/v2\/media?parent=348919"}],"wp:term":[{"taxonomy":"category","embeddable":true,"href":"https:\/\/www.europesays.com\/se\/wp-json\/wp\/v2\/categories?post=348919"},{"taxonomy":"post_tag","embeddable":true,"href":"https:\/\/www.europesays.com\/se\/wp-json\/wp\/v2\/tags?post=348919"}],"curies":[{"name":"wp","href":"https:\/\/api.w.org\/{rel}","templated":true}]}}