{"id":348957,"date":"2026-08-23T06:49:21","date_gmt":"2026-08-23T06:49:21","guid":{"rendered":"https:\/\/www.europesays.com\/se\/348957\/"},"modified":"2026-08-23T06:49:21","modified_gmt":"2026-08-23T06:49:21","slug":"sydney-marathon-pudlar-for-mycket-internationell-pragel","status":"publish","type":"post","link":"https:\/\/www.europesays.com\/se\/348957\/","title":{"rendered":"Sydney Marathon pudlar: F\u00f6r mycket internationell pr\u00e4gel"},"content":{"rendered":"<p>Ett \u201dolyckligt misstag\u201d ligger bakom det faktum att fel arena syns p\u00e5 medaljerna till \u00e5rets Sydney Marathon, uppger organisat\u00f6rerna f\u00f6r BBC.<\/p>\n<p>\u2013 Medaljerna har f\u00e5tt lite f\u00f6r mycket internationell pr\u00e4gel, s\u00e4ger en talesperson.<\/p>\n<p>Medaljernas baksida pryds av en rad landm\u00e4rken som l\u00f6parna kommer att passera under loppet. Under g\u00e5rdagen uppm\u00e4rksammades att ett av dem tycktes f\u00f6rest\u00e4lla Allianz arena i tyska M\u00fcnchen, snarare \u00e4n Allianz stadium i Sydney. <\/p>\n<p>\u00c4ven den tyska arenan verkar ta ganska l\u00e4tt p\u00e5 saken. \u201dDet d\u00e4r hade vi inte p\u00e5 v\u00e5r bingobricka\u201d, skriver dess konto i sociala medier. <\/p>\n<p>Omni \u00e4r politiskt obundna och oberoende. Vi str\u00e4var efter att ge fler perspektiv p\u00e5 nyheterna. Har du fr\u00e5gor eller synpunkter kring v\u00e5r rapportering? <a href=\"https:\/\/omni.se\/sydney-marathon-pudlar-for-mycket-internationell-pragel\/a\/mailto:redaktion@omni.se\" class=\"ArticleActions-module-scss-module__w9u9BG__contactLink\" rel=\"nofollow noopener\" target=\"_blank\">Kontakta redaktionen<\/a><\/p>\n","protected":false},"excerpt":{"rendered":"Ett \u201dolyckligt misstag\u201d ligger bakom det faktum att fel arena syns p\u00e5 medaljerna till \u00e5rets Sydney Marathon, uppger&hellip;\n","protected":false},"author":2,"featured_media":348958,"comment_status":"","ping_status":"","sticky":false,"template":"","format":"standard","meta":{"footnotes":"","_share_on_mastodon":"0"},"categories":[68],"tags":[450,34,111,110,31,33,32,30,408],"class_list":["post-348957","post","type-post","status-publish","format-standard","has-post-thumbnail","category-sport","tag-australien","tag-se","tag-sport","tag-sports","tag-svenska","tag-sverige","tag-sweden","tag-swedish","tag-tyskland"],"share_on_mastodon":{"url":"https:\/\/pubeurope.com\/@se\/117143494055521717","error":""},"_links":{"self":[{"href":"https:\/\/www.europesays.com\/se\/wp-json\/wp\/v2\/posts\/348957","targetHints":{"allow":["GET"]}}],"collection":[{"href":"https:\/\/www.europesays.com\/se\/wp-json\/wp\/v2\/posts"}],"about":[{"href":"https:\/\/www.europesays.com\/se\/wp-json\/wp\/v2\/types\/post"}],"author":[{"embeddable":true,"href":"https:\/\/www.europesays.com\/se\/wp-json\/wp\/v2\/users\/2"}],"replies":[{"embeddable":true,"href":"https:\/\/www.europesays.com\/se\/wp-json\/wp\/v2\/comments?post=348957"}],"version-history":[{"count":0,"href":"https:\/\/www.europesays.com\/se\/wp-json\/wp\/v2\/posts\/348957\/revisions"}],"wp:featuredmedia":[{"embeddable":true,"href":"https:\/\/www.europesays.com\/se\/wp-json\/wp\/v2\/media\/348958"}],"wp:attachment":[{"href":"https:\/\/www.europesays.com\/se\/wp-json\/wp\/v2\/media?parent=348957"}],"wp:term":[{"taxonomy":"category","embeddable":true,"href":"https:\/\/www.europesays.com\/se\/wp-json\/wp\/v2\/categories?post=348957"},{"taxonomy":"post_tag","embeddable":true,"href":"https:\/\/www.europesays.com\/se\/wp-json\/wp\/v2\/tags?post=348957"}],"curies":[{"name":"wp","href":"https:\/\/api.w.org\/{rel}","templated":true}]}}