{"id":34900,"date":"2025-09-20T05:24:07","date_gmt":"2025-09-20T05:24:07","guid":{"rendered":"https:\/\/www.europesays.com\/se\/34900\/"},"modified":"2025-09-20T05:24:07","modified_gmt":"2025-09-20T05:24:07","slug":"8-av-10-hjalpsandningar-plundras","status":"publish","type":"post","link":"https:\/\/www.europesays.com\/se\/34900\/","title":{"rendered":"\u201d8 av 10 hj\u00e4lps\u00e4ndningar plundras\u201d"},"content":{"rendered":"<p>En majoritet av de runt 80 lastbilar med n\u00f6dhj\u00e4lp som kommer in i Gazaremsan varje dag plundras, s\u00e4ger Carl Skau, bitr\u00e4dande chef f\u00f6r FN:s livsmedelsprogram, i Ekots l\u00f6rdagsintervju:<\/p>\n<p>\u2013 Jag skulle gissa att det \u00e4r 70\u201380 procent som plundras. Men det h\u00e4r \u00e4r desperata civila, vilket \u00e4r n\u00e5got man delvis f\u00e5r acceptera givet det kaotiska och sv\u00e5ra l\u00e4get om vi ska f\u00f6rs\u00f6ka v\u00e4rja en st\u00f6rre sv\u00e4lt.<\/p>\n<p>Det skulle enligt honom beh\u00f6vas n\u00e4stan tio g\u00e5nger s\u00e5 m\u00e5nga hj\u00e4lps\u00e4ndningar varje dag, n\u00e5got som bara skulle kunna \u00e5stadkommas med ett eldupph\u00f6r. <\/p>\n<p>Detta l\u00e4r inte h\u00e4nda, s\u00e4ger han, eftersom \u201ddet saknas politisk vilja (i Israel, reds. anm.) att ta de beslut som kr\u00e4vs f\u00f6r att vi ska kunna \u00f6ka volymerna och ha en mer fungerande FN-ledd hj\u00e4lpinsats\u201d.<\/p>\n<p>Omni \u00e4r politiskt obundna och oberoende. Vi str\u00e4var efter att ge fler perspektiv p\u00e5 nyheterna. Har du fr\u00e5gor eller synpunkter kring v\u00e5r rapportering? <a href=\"https:\/\/omni.se\/svenske-fn-chefen-8-av-10-hjalpsandningar-plundras\/a\/mailto:redaktion@omni.se\" class=\"ArticleActions_contactLink__W2F1M\" rel=\"nofollow noopener\" target=\"_blank\">Kontakta redaktionen<\/a><\/p>\n","protected":false},"excerpt":{"rendered":"En majoritet av de runt 80 lastbilar med n\u00f6dhj\u00e4lp som kommer in i Gazaremsan varje dag plundras, s\u00e4ger&hellip;\n","protected":false},"author":2,"featured_media":34901,"comment_status":"","ping_status":"","sticky":false,"template":"","format":"standard","meta":{"footnotes":""},"categories":[5],"tags":[22,23,3753,26,27,121,17,21,342,24,25,28,29,124,125,15,16,123,18,34,31,33,32,30,19,20],"class_list":{"0":"post-34900","1":"post","2":"type-post","3":"status-publish","4":"format-standard","5":"has-post-thumbnail","7":"category-rubriker","8":"tag-breaking-news","9":"tag-breakingnews","10":"tag-carl-skau","11":"tag-featured-news","12":"tag-featurednews","13":"tag-gaza","14":"tag-headlines","15":"tag-huvudnyheter","16":"tag-israel","17":"tag-latest-news","18":"tag-latestnews","19":"tag-main-news","20":"tag-mainnews","21":"tag-mellanostern","22":"tag-mellanosternkrisen","23":"tag-news","24":"tag-nyheter","25":"tag-palestina","26":"tag-rubriker","27":"tag-se","28":"tag-svenska","29":"tag-sverige","30":"tag-sweden","31":"tag-swedish","32":"tag-top-stories","33":"tag-topstories"},"share_on_mastodon":{"url":"","error":""},"_links":{"self":[{"href":"https:\/\/www.europesays.com\/se\/wp-json\/wp\/v2\/posts\/34900","targetHints":{"allow":["GET"]}}],"collection":[{"href":"https:\/\/www.europesays.com\/se\/wp-json\/wp\/v2\/posts"}],"about":[{"href":"https:\/\/www.europesays.com\/se\/wp-json\/wp\/v2\/types\/post"}],"author":[{"embeddable":true,"href":"https:\/\/www.europesays.com\/se\/wp-json\/wp\/v2\/users\/2"}],"replies":[{"embeddable":true,"href":"https:\/\/www.europesays.com\/se\/wp-json\/wp\/v2\/comments?post=34900"}],"version-history":[{"count":0,"href":"https:\/\/www.europesays.com\/se\/wp-json\/wp\/v2\/posts\/34900\/revisions"}],"wp:featuredmedia":[{"embeddable":true,"href":"https:\/\/www.europesays.com\/se\/wp-json\/wp\/v2\/media\/34901"}],"wp:attachment":[{"href":"https:\/\/www.europesays.com\/se\/wp-json\/wp\/v2\/media?parent=34900"}],"wp:term":[{"taxonomy":"category","embeddable":true,"href":"https:\/\/www.europesays.com\/se\/wp-json\/wp\/v2\/categories?post=34900"},{"taxonomy":"post_tag","embeddable":true,"href":"https:\/\/www.europesays.com\/se\/wp-json\/wp\/v2\/tags?post=34900"}],"curies":[{"name":"wp","href":"https:\/\/api.w.org\/{rel}","templated":true}]}}