{"id":34925,"date":"2025-09-20T06:24:07","date_gmt":"2025-09-20T06:24:07","guid":{"rendered":"https:\/\/www.europesays.com\/se\/34925\/"},"modified":"2025-09-20T06:24:07","modified_gmt":"2025-09-20T06:24:07","slug":"barn-brann-inne-nar-teslans-bildorrar-inte-oppnades-varlden","status":"publish","type":"post","link":"https:\/\/www.europesays.com\/se\/34925\/","title":{"rendered":"Barn brann inne n\u00e4r Teslans bild\u00f6rrar inte \u00f6ppnades | V\u00e4rlden"},"content":{"rendered":"<p>Publicerad 20 sep 2025 kl 07.17<\/p>\n<p>En man och tv\u00e5 barn br\u00e4ndes inne i en Tesla efter en v\u00e5ldsam krasch i tyska Schwerte.<\/p>\n<p>En butiks\u00e4gare f\u00f6rs\u00f6kte r\u00e4dda dem \u2013 men d\u00f6rrhandtagen gick inte att \u00f6ppna.<\/p>\n<p>\u2013 Jag kunde inte g\u00f6ra n\u00e5got, s\u00e4ger han till tyska <a href=\"https:\/\/www.ruhrnachrichten.de\/schwerte\/toedlicher-unfall-schwerte-villigst-rote-haus-strasse-tesla-e-auto-feuerwehr-einsatz-zeuge-w1075168-2001800510\/\" rel=\"nofollow noopener\" target=\"_blank\">Ruhr Nachrichten.<\/a><\/p>\n<p><img   alt=\"\"\/> <\/p>\n<p>Foto: DAVID ZALUBOWSKI \/ AP TT NYHETSBYR\u00c5N<\/p>\n<p>\u00d6ppna bild i helsk\u00e4rm<\/p>\n<p>Olyckan intr\u00e4ffade s\u00f6ndagen den 7 september i den tyska staden Schwerte-Villigst i v\u00e4stra Tyskland n\u00e4r bilen, enligt polisen, f\u00f6rs\u00f6kte k\u00f6ra om ett annat fordon men k\u00f6rde av v\u00e4gen och kraschade in i ett tr\u00e4d.\u00a0<\/p>\n<p>Bilen fattade snabbt eld och tre personer, en 43-\u00e5rig man och tv\u00e5 nio\u00e5riga barn, fastnade i det brinnande fordonet. Ett tredje barn, ocks\u00e5 nio \u00e5r, lyckades ta sig ut och f\u00f6rdes till sjukhus, skriver tyska tidningen Ruhr Nachrichten.<\/p>\n<p>Roman Jedrzejewski, som driver en m\u00e5leriverkstad mittemot olycksplatsen, blev vittne till dramat.\u00a0<\/p>\n<p>Han ber\u00e4ttar f\u00f6r lokala medier att han h\u00f6rde \u201dv\u00e4ldigt h\u00f6ga bromsljud\u201d och \u201dgnisslande d\u00e4ck\u201d innan en explosion h\u00f6rdes. Utan att tveka rusade han ut med en brandsl\u00e4ckare.<\/p>\n<p>\u2013 Jag ville r\u00e4dda m\u00e4nniskor, s\u00e4ger Roman Jedrzejewski till Ruhr Nachrichten.<\/p>\n<p>Men Teslans inf\u00e4llda d\u00f6rrhandtag gick inte att f\u00e5 upp.<\/p>\n<p>\u2013 Jag f\u00f6rs\u00f6kte \u00f6ppna bilen, men det gick inte&#8230; Det var redan s\u00e5 hett av elden, s\u00e4ger Jedrzejewski.<\/p>\n<p>Han beskriver f\u00f6r den tyska tidningen hur bilen h\u00e4ngde delvis i ett tr\u00e4d, med fronten i l\u00e5gor.<\/p>\n<p>\u2013 Jag ville dra ut barnen, men det gick inte. Jag var desperat, jag kunde inte g\u00f6ra n\u00e5gonting. Fan ocks\u00e5, jag hj\u00e4lpte inte. Det gick inte, s\u00e4ger han och klandrar sig sj\u00e4lv f\u00f6r att han inte kunde g\u00f6ra mer.<\/p>\n<p>Flera olyckor n\u00e4r str\u00f6mmen bryts<\/p>\n<p>Polisen i Nordrhein-Westfalen utreder nu olyckan och ska analysera vad som orsakade tragedin.\u00a0<\/p>\n<p>Tidigare har det rapporterats om problem med <a href=\"https:\/\/www.expressen.se\/tagg\/organization\/tesla\/\" class=\"\" rel=\"nofollow noopener\" target=\"_blank\">Teslas<\/a> inf\u00e4llda d\u00f6rrhandtag, som kan sluta fungera n\u00e4r str\u00f6mmen bryts.<\/p>\n<p>Enligt Bloomberg har flera olyckor intr\u00e4ffat d\u00e4r personer blivit inst\u00e4ngda i Teslor efter krascher. R\u00e4ddningstj\u00e4nsten har ibland tvingats krossa rutor f\u00f6r att f\u00e5 ut passagerare i Tesla Model Y.\u00a0<\/p>\n<p>Den amerikanska trafiks\u00e4kerhetsmyndigheten har nu inlett en utredning om d\u00f6rrhandtagen, skriver <a href=\"https:\/\/www.reuters.com\/business\/autos-transportation\/us-opens-probe-into-174000-tesla-model-y-cars-over-door-handle-failures-2025-09-16\/\" rel=\"nofollow noopener\" target=\"_blank\">Reuters.\u00a0<\/a><\/p>\n<p>\u201dRisken att bli inst\u00e4ngd i en bil \u00e4r s\u00e4rskilt oroande i n\u00f6dsituationer, till exempel n\u00e4r barn \u00e4r inl\u00e5sta i en bil som uts\u00e4tts f\u00f6r h\u00f6ga temperaturer\u201d, skriver myndigheten.<\/p>\n<p>Teslas designchef Franz von Holzhausen s\u00e4ger till <a href=\"https:\/\/www.bloomberg.com\/news\/articles\/2025-09-17\/tesla-is-redesigning-door-handles-that-drew-scrutiny-over-safety\" rel=\"nofollow noopener\" target=\"_blank\">Bloomberg<\/a> att f\u00f6retaget nu ser \u00f6ver utformningen av d\u00f6rrhandtagen.<\/p>\n","protected":false},"excerpt":{"rendered":"Publicerad 20 sep 2025 kl 07.17 En man och tv\u00e5 barn br\u00e4ndes inne i en Tesla efter en&hellip;\n","protected":false},"author":2,"featured_media":34926,"comment_status":"","ping_status":"","sticky":false,"template":"","format":"standard","meta":{"footnotes":""},"categories":[65],"tags":[72,70,71,2062,34,55,31,33,32,30,1619,764],"class_list":{"0":"post-34925","1":"post","2":"type-post","3":"status-publish","4":"format-standard","5":"has-post-thumbnail","7":"category-ekonomi","8":"tag-business","9":"tag-economy","10":"tag-ekonomi","11":"tag-organization-tesla","12":"tag-se","13":"tag-sections-varlden","14":"tag-svenska","15":"tag-sverige","16":"tag-sweden","17":"tag-swedish","18":"tag-topic-brand-explosion","19":"tag-topic-olycksfall"},"share_on_mastodon":{"url":"","error":""},"_links":{"self":[{"href":"https:\/\/www.europesays.com\/se\/wp-json\/wp\/v2\/posts\/34925","targetHints":{"allow":["GET"]}}],"collection":[{"href":"https:\/\/www.europesays.com\/se\/wp-json\/wp\/v2\/posts"}],"about":[{"href":"https:\/\/www.europesays.com\/se\/wp-json\/wp\/v2\/types\/post"}],"author":[{"embeddable":true,"href":"https:\/\/www.europesays.com\/se\/wp-json\/wp\/v2\/users\/2"}],"replies":[{"embeddable":true,"href":"https:\/\/www.europesays.com\/se\/wp-json\/wp\/v2\/comments?post=34925"}],"version-history":[{"count":0,"href":"https:\/\/www.europesays.com\/se\/wp-json\/wp\/v2\/posts\/34925\/revisions"}],"wp:featuredmedia":[{"embeddable":true,"href":"https:\/\/www.europesays.com\/se\/wp-json\/wp\/v2\/media\/34926"}],"wp:attachment":[{"href":"https:\/\/www.europesays.com\/se\/wp-json\/wp\/v2\/media?parent=34925"}],"wp:term":[{"taxonomy":"category","embeddable":true,"href":"https:\/\/www.europesays.com\/se\/wp-json\/wp\/v2\/categories?post=34925"},{"taxonomy":"post_tag","embeddable":true,"href":"https:\/\/www.europesays.com\/se\/wp-json\/wp\/v2\/tags?post=34925"}],"curies":[{"name":"wp","href":"https:\/\/api.w.org\/{rel}","templated":true}]}}