{"id":349401,"date":"2026-08-23T15:44:24","date_gmt":"2026-08-23T15:44:24","guid":{"rendered":"https:\/\/www.europesays.com\/se\/349401\/"},"modified":"2026-08-23T15:44:24","modified_gmt":"2026-08-23T15:44:24","slug":"uppgifter-nvidias-servrar-med-ai-chip-blir-dyrare","status":"publish","type":"post","link":"https:\/\/www.europesays.com\/se\/349401\/","title":{"rendered":"Uppgifter: Nvidias servrar med AI-chip blir dyrare"},"content":{"rendered":"<p>Chipj\u00e4tten Nvidias servrar som inneh\u00e5ller bolagets AI-chip kommer att bli dyrare, enligt Bloomberg. Nyhetsbyr\u00e5n skriver att n\u00e5gra av de st\u00f6rsta kunderna har f\u00e5tt information om en prish\u00f6jning p\u00e5 \u00f6ver 15 procent. <\/p>\n<p>Prish\u00f6jningen v\u00e4ntas tr\u00e4da i kraft i b\u00f6rjan av 2027 och omfattar bland annat flaggskeppen Vera Rubin och Grace Blackwell. <\/p>\n<p>Bland de stora kunderna finns bland annat Microsoft och Alphabet. <\/p>\n<p>Omni \u00e4r politiskt obundna och oberoende. Vi str\u00e4var efter att ge fler perspektiv p\u00e5 nyheterna. Har du fr\u00e5gor eller synpunkter kring v\u00e5r rapportering? <a href=\"https:\/\/omni.se\/uppgifter-nvidias-servrar-med-ai-chip-blir-dyrare\/a\/mailto:redaktion@omni.se\" class=\"ArticleActions-module-scss-module__w9u9BG__contactLink\" rel=\"nofollow noopener\" target=\"_blank\">Kontakta redaktionen<\/a><\/p>\n","protected":false},"excerpt":{"rendered":"Chipj\u00e4tten Nvidias servrar som inneh\u00e5ller bolagets AI-chip kommer att bli dyrare, enligt Bloomberg. Nyhetsbyr\u00e5n skriver att n\u00e5gra av&hellip;\n","protected":false},"author":2,"featured_media":349402,"comment_status":"","ping_status":"","sticky":false,"template":"","format":"standard","meta":{"footnotes":"","_share_on_mastodon":"0"},"categories":[65],"tags":[735,1567,72,70,71,758,34,31,33,32,30],"class_list":["post-349401","post","type-post","status-publish","format-standard","has-post-thumbnail","category-ekonomi","tag-microsoft","tag-alphabet","tag-business","tag-economy","tag-ekonomi","tag-nvidia","tag-se","tag-svenska","tag-sverige","tag-sweden","tag-swedish"],"share_on_mastodon":{"url":"https:\/\/pubeurope.com\/@se\/117145597680078082","error":""},"_links":{"self":[{"href":"https:\/\/www.europesays.com\/se\/wp-json\/wp\/v2\/posts\/349401","targetHints":{"allow":["GET"]}}],"collection":[{"href":"https:\/\/www.europesays.com\/se\/wp-json\/wp\/v2\/posts"}],"about":[{"href":"https:\/\/www.europesays.com\/se\/wp-json\/wp\/v2\/types\/post"}],"author":[{"embeddable":true,"href":"https:\/\/www.europesays.com\/se\/wp-json\/wp\/v2\/users\/2"}],"replies":[{"embeddable":true,"href":"https:\/\/www.europesays.com\/se\/wp-json\/wp\/v2\/comments?post=349401"}],"version-history":[{"count":0,"href":"https:\/\/www.europesays.com\/se\/wp-json\/wp\/v2\/posts\/349401\/revisions"}],"wp:featuredmedia":[{"embeddable":true,"href":"https:\/\/www.europesays.com\/se\/wp-json\/wp\/v2\/media\/349402"}],"wp:attachment":[{"href":"https:\/\/www.europesays.com\/se\/wp-json\/wp\/v2\/media?parent=349401"}],"wp:term":[{"taxonomy":"category","embeddable":true,"href":"https:\/\/www.europesays.com\/se\/wp-json\/wp\/v2\/categories?post=349401"},{"taxonomy":"post_tag","embeddable":true,"href":"https:\/\/www.europesays.com\/se\/wp-json\/wp\/v2\/tags?post=349401"}],"curies":[{"name":"wp","href":"https:\/\/api.w.org\/{rel}","templated":true}]}}