{"id":34943,"date":"2025-09-20T07:12:17","date_gmt":"2025-09-20T07:12:17","guid":{"rendered":"https:\/\/www.europesays.com\/se\/34943\/"},"modified":"2025-09-20T07:12:17","modified_gmt":"2025-09-20T07:12:17","slug":"bullard-raknar-med-en-sankning-pa-totalt-75-punkter-i-ar","status":"publish","type":"post","link":"https:\/\/www.europesays.com\/se\/34943\/","title":{"rendered":"Bullard r\u00e4knar med en s\u00e4nkning p\u00e5 totalt 75 punkter i \u00e5r"},"content":{"rendered":"<p>&#13;<br \/>\n                        Han v\u00e4ntar sig totalt tre s\u00e4nkningar p\u00e5 sammanlagt 75 punkter innan \u00e5rets slut, vilket han beskriver som en betydande l\u00e4ttnad i penningpolitiken.<\/p>\n<p>Bullard betonade att han inte skulle ha r\u00f6stat f\u00f6r en s\u00e4nkning p\u00e5 50 punkter nu och bed\u00f6mer att den neutrala r\u00e4ntan ligger runt 3,25 procent.<\/p>\n<p>Samtidigt po\u00e4ngterade han att det &#8221;vore oklokt&#8221; att \u00f6verge centralbankens inflationsm\u00e5l p\u00e5 2 procent.<\/p>\n<p>Han passade ocks\u00e5 p\u00e5 att kritisera Fed f\u00f6r de omfattande k\u00f6pen av bostadsobligationer i b\u00f6rjan av pandemin.<\/p>\n<p>Det kan n\u00e4mnas att elva av Federal Reserves ledam\u00f6ter r\u00f6stade f\u00f6r en s\u00e4nkning med 0,25 procentenheter medan en ledamot ville se en s\u00e4nkning med 0,50 procentenheter.&#13;\n                    <\/p>\n","protected":false},"excerpt":{"rendered":"&#13; Han v\u00e4ntar sig totalt tre s\u00e4nkningar p\u00e5 sammanlagt 75 punkter innan \u00e5rets slut, vilket han beskriver som&hellip;\n","protected":false},"author":2,"featured_media":34944,"comment_status":"","ping_status":"","sticky":false,"template":"","format":"standard","meta":{"footnotes":""},"categories":[65],"tags":[72,70,71,454,453,451,452,34,31,33,32,30,455],"class_list":{"0":"post-34943","1":"post","2":"type-post","3":"status-publish","4":"format-standard","5":"has-post-thumbnail","7":"category-ekonomi","8":"tag-business","9":"tag-economy","10":"tag-ekonomi","11":"tag-ekonomisk-analys","12":"tag-finans","13":"tag-finansiella-nyheter","14":"tag-investera","15":"tag-se","16":"tag-svenska","17":"tag-sverige","18":"tag-sweden","19":"tag-swedish","20":"tag-trading"},"share_on_mastodon":{"url":"","error":""},"_links":{"self":[{"href":"https:\/\/www.europesays.com\/se\/wp-json\/wp\/v2\/posts\/34943","targetHints":{"allow":["GET"]}}],"collection":[{"href":"https:\/\/www.europesays.com\/se\/wp-json\/wp\/v2\/posts"}],"about":[{"href":"https:\/\/www.europesays.com\/se\/wp-json\/wp\/v2\/types\/post"}],"author":[{"embeddable":true,"href":"https:\/\/www.europesays.com\/se\/wp-json\/wp\/v2\/users\/2"}],"replies":[{"embeddable":true,"href":"https:\/\/www.europesays.com\/se\/wp-json\/wp\/v2\/comments?post=34943"}],"version-history":[{"count":0,"href":"https:\/\/www.europesays.com\/se\/wp-json\/wp\/v2\/posts\/34943\/revisions"}],"wp:featuredmedia":[{"embeddable":true,"href":"https:\/\/www.europesays.com\/se\/wp-json\/wp\/v2\/media\/34944"}],"wp:attachment":[{"href":"https:\/\/www.europesays.com\/se\/wp-json\/wp\/v2\/media?parent=34943"}],"wp:term":[{"taxonomy":"category","embeddable":true,"href":"https:\/\/www.europesays.com\/se\/wp-json\/wp\/v2\/categories?post=34943"},{"taxonomy":"post_tag","embeddable":true,"href":"https:\/\/www.europesays.com\/se\/wp-json\/wp\/v2\/tags?post=34943"}],"curies":[{"name":"wp","href":"https:\/\/api.w.org\/{rel}","templated":true}]}}