{"id":349749,"date":"2026-08-24T00:19:16","date_gmt":"2026-08-24T00:19:16","guid":{"rendered":"https:\/\/www.europesays.com\/se\/349749\/"},"modified":"2026-08-24T00:19:16","modified_gmt":"2026-08-24T00:19:16","slug":"kallor-kushner-hade-hemligt-mote-med-oppositionsledare","status":"publish","type":"post","link":"https:\/\/www.europesays.com\/se\/349749\/","title":{"rendered":"K\u00e4llor: Kushner hade hemligt m\u00f6te med oppositionsledare"},"content":{"rendered":"<p>Donald Trumps sv\u00e4rson och s\u00e4ndebud till Mellan\u00f6stern, Jared Kushner, har i hemlighet tr\u00e4ffat representanthusets oppositionsledare, toppdemokraten Hakeem Jeffries. Det uppger flera k\u00e4llor med insyn f\u00f6r New York Times.<\/p>\n<p>De ska ha diskuterat m\u00f6jliga omr\u00e5den d\u00e4r de har samsyn, enligt k\u00e4llorna. Bland annat ska de ha tagit upp bostadspolitik, migration och h\u00f6ga levnadskostnader.<\/p>\n<p>Det verkar dock osannolikt att Demokraterna och Vita huset kompromissar p\u00e5 omr\u00e5dena, enligt k\u00e4llorna.<\/p>\n<p>M\u00f6tet antyder att Trumpadministrationen \u00e4r v\u00e4l medveten om sannolikheten att Demokraterna vinner majoritet i representanthuset i mellan\u00e5rsvalet, skriver tidningen. I s\u00e5dana fall v\u00e4ntas Jeffries bli talman, och m\u00f6tet kan vara ett f\u00f6rs\u00f6k fr\u00e5n administrationens sida att skapa m\u00f6jligheter f\u00f6r samarbete redan nu.<\/p>\n<p>Omni \u00e4r politiskt obundna och oberoende. Vi str\u00e4var efter att ge fler perspektiv p\u00e5 nyheterna. Har du fr\u00e5gor eller synpunkter kring v\u00e5r rapportering? <a href=\"https:\/\/omni.se\/kallor-kushner-hade-hemligt-mote-med-oppositionsledare\/a\/mailto:redaktion@omni.se\" class=\"ArticleActions-module-scss-module__w9u9BG__contactLink\" rel=\"nofollow noopener\" target=\"_blank\">Kontakta redaktionen<\/a><\/p>\n","protected":false},"excerpt":{"rendered":"Donald Trumps sv\u00e4rson och s\u00e4ndebud till Mellan\u00f6stern, Jared Kushner, har i hemlighet tr\u00e4ffat representanthusets oppositionsledare, toppdemokraten Hakeem Jeffries.&hellip;\n","protected":false},"author":2,"featured_media":349750,"comment_status":"","ping_status":"","sticky":false,"template":"","format":"standard","meta":{"footnotes":"","_share_on_mastodon":"0"},"categories":[5],"tags":[387,22,23,1201,385,26,27,17,21,10798,24,25,28,29,15,268,16,18,34,31,33,32,30,19,20,74],"class_list":["post-349749","post","type-post","status-publish","format-standard","has-post-thumbnail","category-rubriker","tag-amerikansk-politik","tag-breaking-news","tag-breakingnews","tag-demokraterna-i-usa","tag-donald-trump","tag-featured-news","tag-featurednews","tag-headlines","tag-huvudnyheter","tag-jared-kushner","tag-latest-news","tag-latestnews","tag-main-news","tag-mainnews","tag-news","tag-nordamerika","tag-nyheter","tag-rubriker","tag-se","tag-svenska","tag-sverige","tag-sweden","tag-swedish","tag-top-stories","tag-topstories","tag-usa"],"share_on_mastodon":{"url":"https:\/\/pubeurope.com\/@se\/117147622870850188","error":""},"_links":{"self":[{"href":"https:\/\/www.europesays.com\/se\/wp-json\/wp\/v2\/posts\/349749","targetHints":{"allow":["GET"]}}],"collection":[{"href":"https:\/\/www.europesays.com\/se\/wp-json\/wp\/v2\/posts"}],"about":[{"href":"https:\/\/www.europesays.com\/se\/wp-json\/wp\/v2\/types\/post"}],"author":[{"embeddable":true,"href":"https:\/\/www.europesays.com\/se\/wp-json\/wp\/v2\/users\/2"}],"replies":[{"embeddable":true,"href":"https:\/\/www.europesays.com\/se\/wp-json\/wp\/v2\/comments?post=349749"}],"version-history":[{"count":0,"href":"https:\/\/www.europesays.com\/se\/wp-json\/wp\/v2\/posts\/349749\/revisions"}],"wp:featuredmedia":[{"embeddable":true,"href":"https:\/\/www.europesays.com\/se\/wp-json\/wp\/v2\/media\/349750"}],"wp:attachment":[{"href":"https:\/\/www.europesays.com\/se\/wp-json\/wp\/v2\/media?parent=349749"}],"wp:term":[{"taxonomy":"category","embeddable":true,"href":"https:\/\/www.europesays.com\/se\/wp-json\/wp\/v2\/categories?post=349749"},{"taxonomy":"post_tag","embeddable":true,"href":"https:\/\/www.europesays.com\/se\/wp-json\/wp\/v2\/tags?post=349749"}],"curies":[{"name":"wp","href":"https:\/\/api.w.org\/{rel}","templated":true}]}}