{"id":349909,"date":"2026-08-24T05:42:11","date_gmt":"2026-08-24T05:42:11","guid":{"rendered":"https:\/\/www.europesays.com\/se\/349909\/"},"modified":"2026-08-24T05:42:11","modified_gmt":"2026-08-24T05:42:11","slug":"s-planen-for-sverige-fika","status":"publish","type":"post","link":"https:\/\/www.europesays.com\/se\/349909\/","title":{"rendered":"S-planen f\u00f6r Sverige: fika"},"content":{"rendered":"<p>Uppdaterad 24 aug 2026 kl 06.50Publicerad 24 aug 2026 kl 06.10<\/p>\n<p>P\u00e5 s\u00f6ndagskv\u00e4llen drabbade partiernas finansministerkandidater samman i SVT. H\u00e4r \u00e4r de viktigaste slutsatserna fr\u00e5n debatten.\u00a0<\/p>\n<p><img   alt=\"\"\/><\/p>\n<p>Mikael Damberg, S.<\/p>\n<p>Foto: Lars Schr\u00f6der\/TT \/ TT NYHETSBYR\u00c5N<\/p>\n<p>\u00d6ppna bild i helsk\u00e4rm<img loading=\"lazy\"   alt=\"\"\/><\/p>\n<p>Lars Leijonborg, L, har gjort comeback i politiken.<\/p>\n<p>Foto: OLLE SPORRONG<\/p>\n<p>\u00d6ppna bild i helsk\u00e4rm<img loading=\"lazy\"   alt=\"\"\/><\/p>\n<p>Finansminister Elisabeth Svantesson, M.<\/p>\n<p>Foto: Lars Schr\u00f6der\/TT \/ TT NYHETSBYR\u00c5N<\/p>\n<p>\u00d6ppna bild i helsk\u00e4rm<\/p>\n<p>Med 21 dagar kvar till valet var det dags att debattera ekonomisk politik i SVT. Denna g\u00e5ng var det inte partiledarna, utan de ekonomisk-politiska talespersonerna, som var inbjudna.\u00a0<\/p>\n<p><strong>S\u00e4ndningen inleddes med en en sorgsen samklang. Skolattentatet i Fagersta, d\u00e4r en flicka m\u00f6rdades och tv\u00e5 pojkar skadades allvarligt, har skakat om Sverige. N\u00e4r det ofattbara h\u00e4nder st\u00e5r politikerna enade \u00f6ver blockgr\u00e4nsen och valr\u00f6relsen tar paus.<\/strong><\/p>\n<p>Sedan startade debatten. H\u00e4r \u00e4r det som stod ut:<\/p>\n<p>1: Det \u00e4r rundg\u00e5ng om \u201dde rika\u201d.<\/p>\n<p>V\u00e4nsterns anklagelse om att regeringen s\u00e4nkt skatten \u201df\u00f6r sig sj\u00e4lva\u201d d\u00f6k givetvis upp vid flera tillf\u00e4llen. Retoriken \u00e4r n\u00e4stan konspiratorisk: borgerligheten best\u00e5r av en samling girigbukar som driver ekonomisk politik utifr\u00e5n personlig vinning.\u00a0<\/p>\n<p>S\u00e5 \u00e4r det naturligtvis inte. Att m\u00e4nniskor ska f\u00e5 beh\u00e5lla s\u00e5 mycket som m\u00f6jligt av sina egna pengar \u00e4r tv\u00e4rtom en grundl\u00e4ggande v\u00e4rdering i en borgerlig v\u00e4rldsbild, p\u00e5 samma s\u00e4tt som ekonomisk utj\u00e4mning \u00e4r det f\u00f6r en socialdemokrat.<\/p>\n<p><strong>F\u00f6r en v\u00e4nsterpolitiker som Ida Gabrielsson, V, kanske det \u00e4r naturligt att se m\u00e4nniskors l\u00f6n som n\u00e5got som tillh\u00f6r staten och inte arbetstagaren. Men omsorgen om l\u00e4karna i v\u00e5rden klingar falskt n\u00e4r de anser att marginalskatter p\u00e5 \u00f6ver 50 procent inte \u00e4r nog. Extrapass p\u00e5 akuten ska inte l\u00f6na sig.<\/strong><\/p>\n<p>Som den gamla L-r\u00e4ven Lars Leijonborg framh\u00f6ll skulle en s\u00e4nkt statlig inkomstskatt troligen, likt v\u00e4rnskatten, finansiera sig sj\u00e4lv p\u00e5 sikt.<\/p>\n<blockquote><p>Ska havregryn r\u00e4knas som basvara men inte m\u00fcsli? Vem ska avg\u00f6ra det?<\/p><\/blockquote>\n<p>2: Tillf\u00e4lliga skattes\u00e4nkningar \u00e4r en sjuka.<\/p>\n<p>Mikael Damberg klarade inte av att svara p\u00e5 fr\u00e5gan om den s\u00e4nkta matmomsen, en av regeringens s\u00e4msta reformer, ska bli permanent eller inte. Han \u00e4r positiv men kritiserade \u00e4nd\u00e5 regeringen i lite luddiga ordalag. Vid extraordin\u00e4ra omst\u00e4ndigheter kan den bli kvar \u2013 men vem avg\u00f6r det?<\/p>\n<p>Hans Eklind, KD, pratade om att v\u00e4lja ut vissa basvaror i matbutiken som \u00e4ven i forts\u00e4ttningen kan f\u00e5 s\u00e4nkt moms. Ska havregryn r\u00e4knas som basvara men inte m\u00fcsli?Snacka om att skapa ett berg av byr\u00e5krati.<\/p>\n<p>3: Nu f\u00e5r det vara f\u00e4rdigl\u00e5nat till trams.<\/p>\n<p>Statsskulden \u00f6kar. Det \u00e4r rimligt att l\u00e5na till upprustningen av f\u00f6rsvaret och till st\u00f6d till Ukraina. Det \u00e4r just extraordin\u00e4ra omst\u00e4ndigheter. Men det \u00e4r d\u00e4remot inte rimligt att l\u00e5na till billigare busskort och kraftiga skattes\u00e4nkningar p\u00e5 bensin och diesel.<\/p>\n<p>Annons<\/p>\n<p><strong>F\u00f6rsvar och Ukrainast\u00f6d \u00e4r investeringar f\u00f6r Sveriges och Europas s\u00e4kerhet. Billigare kollektivtrafik och bensin \u00e4r det inte. Det f\u00e5r vara slut med str\u00f6sslet.<\/strong><\/p>\n<p>4. Fika-politik st\u00e4rker inte tillv\u00e4xten.\u00a0<\/p>\n<p>Mikael Damberg vill se en tillv\u00e4xtpakt med n\u00e4ringslivet. P\u00e5 vilka omr\u00e5den ska Sverige vara v\u00e4rldsledande, fr\u00e5gade sig Damberg retoriskt. Han vill s\u00e4tta sig ner med f\u00f6retagsledarna.<\/p>\n<p>Men prat leder inte alltid till n\u00e5got bra, det visar historien. N\u00e4r Amazon skulle etablera serverhallar i Sverige var Mikael Damberg, d\u00e5 n\u00e4ringsminister, s\u00e5 till sig att den amerikanska j\u00e4tten fick \u00e4ndra i de citat fr\u00e5n Damberg som skickades ut i en reklamkampanj, <a href=\"https:\/\/www.aftonbladet.se\/nyheter\/a\/Vbyl8l\/it-jatten-fick-skriva-ministerns-citat-i-reklamkampanj\" rel=\"nofollow noopener\" target=\"_blank\">avsl\u00f6jade<\/a> Aftonbladet. Bolaget str\u00f6k ministerns ord om att etableringen f\u00f6rhoppningsvis skulle leda till fler jobb. Som visade sig bli f\u00e5.<\/p>\n<p><strong>Det \u00e4r inte att v\u00e4rna en v\u00e4lfungerande marknadsekonomi utan att l\u00e4gga sig platt f\u00f6r vissa f\u00f6retag.<\/strong><\/p>\n<p>Och till sist: Centerpartiets <a href=\"https:\/\/www.expressen.se\/tagg\/person\/martin-adahl\/\" class=\"\" rel=\"nofollow noopener\" target=\"_blank\">Martin \u00c5dahl<\/a> var en udda f\u00e5gel p\u00e5 v\u00e4nstersidan. C vill ju s\u00e4nka skatterna allra mest, men h\u00e4r \u00e4r det tre mot en. R\u00e4kna med svekdebatt efter valet om de r\u00f6dgr\u00f6na vinner.<\/p>\n<p><strong>L\u00c4S MER: <\/strong><a href=\"https:\/\/www.expressen.se\/ledare\/lat-dig-inte-luras-av-nooshis-fantasier\/\" class=\"\" rel=\"nofollow noopener\" target=\"_blank\">L\u00e5t dig inte luras av Nooshis fantasier<\/a><strong>L\u00c4S MER: <\/strong><a href=\"https:\/\/www.expressen.se\/ledare\/nooshis-flort-i-svt-avslojar-en-avgrund\/\" class=\"\" rel=\"nofollow noopener\" target=\"_blank\">Nooshis fl\u00f6rt i SVT avsl\u00f6jar en avgrund<\/a><\/p>\n","protected":false},"excerpt":{"rendered":"Uppdaterad 24 aug 2026 kl 06.50Publicerad 24 aug 2026 kl 06.10 P\u00e5 s\u00f6ndagskv\u00e4llen drabbade partiernas finansministerkandidater samman i&hellip;\n","protected":false},"author":2,"featured_media":349910,"comment_status":"","ping_status":"","sticky":false,"template":"","format":"standard","meta":{"footnotes":"","_share_on_mastodon":"0"},"categories":[12],"tags":[22,23,805,26,27,3841,17,21,15946,39581,24,25,28,29,39582,4709,15,16,18,34,31,33,32,30,19,20],"class_list":["post-349909","post","type-post","status-publish","format-standard","has-post-thumbnail","category-sverige","tag-breaking-news","tag-breakingnews","tag-elisabeth-svantesson","tag-featured-news","tag-featurednews","tag-hans-eklind","tag-headlines","tag-huvudnyheter","tag-ida-gabrielsson","tag-lars-leijonborg","tag-latest-news","tag-latestnews","tag-main-news","tag-mainnews","tag-martin-adahl","tag-mikael-damberg","tag-news","tag-nyheter","tag-rubriker","tag-se","tag-svenska","tag-sverige","tag-sweden","tag-swedish","tag-top-stories","tag-topstories"],"share_on_mastodon":{"url":"https:\/\/pubeurope.com\/@se\/117148893096387803","error":""},"_links":{"self":[{"href":"https:\/\/www.europesays.com\/se\/wp-json\/wp\/v2\/posts\/349909","targetHints":{"allow":["GET"]}}],"collection":[{"href":"https:\/\/www.europesays.com\/se\/wp-json\/wp\/v2\/posts"}],"about":[{"href":"https:\/\/www.europesays.com\/se\/wp-json\/wp\/v2\/types\/post"}],"author":[{"embeddable":true,"href":"https:\/\/www.europesays.com\/se\/wp-json\/wp\/v2\/users\/2"}],"replies":[{"embeddable":true,"href":"https:\/\/www.europesays.com\/se\/wp-json\/wp\/v2\/comments?post=349909"}],"version-history":[{"count":0,"href":"https:\/\/www.europesays.com\/se\/wp-json\/wp\/v2\/posts\/349909\/revisions"}],"wp:featuredmedia":[{"embeddable":true,"href":"https:\/\/www.europesays.com\/se\/wp-json\/wp\/v2\/media\/349910"}],"wp:attachment":[{"href":"https:\/\/www.europesays.com\/se\/wp-json\/wp\/v2\/media?parent=349909"}],"wp:term":[{"taxonomy":"category","embeddable":true,"href":"https:\/\/www.europesays.com\/se\/wp-json\/wp\/v2\/categories?post=349909"},{"taxonomy":"post_tag","embeddable":true,"href":"https:\/\/www.europesays.com\/se\/wp-json\/wp\/v2\/tags?post=349909"}],"curies":[{"name":"wp","href":"https:\/\/api.w.org\/{rel}","templated":true}]}}