{"id":350075,"date":"2026-08-24T07:41:13","date_gmt":"2026-08-24T07:41:13","guid":{"rendered":"https:\/\/www.europesays.com\/se\/350075\/"},"modified":"2026-08-24T07:41:13","modified_gmt":"2026-08-24T07:41:13","slug":"apples-vikbara-mobil-kan-ge-marknaden-en-skjuts","status":"publish","type":"post","link":"https:\/\/www.europesays.com\/se\/350075\/","title":{"rendered":"\u201dApples vikbara mobil kan ge marknaden en skjuts\u201d"},"content":{"rendered":"<p>Apples f\u00f6rsta vikbara telefon kan bli bolagets mest betydelsefulla produktlansering p\u00e5 flera \u00e5r. Det bed\u00f6mer Bloombergs Apple-reporter Mark Gurman.<\/p>\n<p>Personer som har testat telefonen gillar hur den ryms i fickan och hur appar anpassas till sk\u00e4rmen n\u00e4r den f\u00e4lls ut, skriver han. Men det finns baksidor, d\u00e4ribland det h\u00f6ga priset och avsaknaden av kamera med optisk zoom.<\/p>\n<p>Enligt Gurman kan lanseringen ge nytt liv \u00e5t vikbara telefoner, en produktkategori som funnits i flera \u00e5r men fortfarande bara st\u00e5r f\u00f6r en liten del av den globala mobilmarknaden.<\/p>\n<p>Omni \u00e4r politiskt obundna och oberoende. Vi str\u00e4var efter att ge fler perspektiv p\u00e5 nyheterna. Har du fr\u00e5gor eller synpunkter kring v\u00e5r rapportering? <a href=\"https:\/\/omni.se\/apples-vikbara-mobil-kan-ge-marknaden-en-skjuts\/a\/mailto:redaktion@omni.se\" class=\"ArticleActions-module-scss-module__w9u9BG__contactLink\" rel=\"nofollow noopener\" target=\"_blank\">Kontakta redaktionen<\/a><\/p>\n","protected":false},"excerpt":{"rendered":"Apples f\u00f6rsta vikbara telefon kan bli bolagets mest betydelsefulla produktlansering p\u00e5 flera \u00e5r. Det bed\u00f6mer Bloombergs Apple-reporter Mark&hellip;\n","protected":false},"author":2,"featured_media":350076,"comment_status":"","ping_status":"","sticky":false,"template":"","format":"standard","meta":{"footnotes":"","_share_on_mastodon":"0"},"categories":[66],"tags":[391,488,80,78,79,34,31,33,32,30,81,84,83,82],"class_list":["post-350075","post","type-post","status-publish","format-standard","has-post-thumbnail","category-vetenskap-och-teknik","tag-apple","tag-konsumentelektronik","tag-science","tag-science-and-technology","tag-scienceandtechnology","tag-se","tag-svenska","tag-sverige","tag-sweden","tag-swedish","tag-technology","tag-teknik","tag-vetenskap","tag-vetenskapteknik"],"share_on_mastodon":{"url":"https:\/\/pubeurope.com\/@se\/117149360932170797","error":""},"_links":{"self":[{"href":"https:\/\/www.europesays.com\/se\/wp-json\/wp\/v2\/posts\/350075","targetHints":{"allow":["GET"]}}],"collection":[{"href":"https:\/\/www.europesays.com\/se\/wp-json\/wp\/v2\/posts"}],"about":[{"href":"https:\/\/www.europesays.com\/se\/wp-json\/wp\/v2\/types\/post"}],"author":[{"embeddable":true,"href":"https:\/\/www.europesays.com\/se\/wp-json\/wp\/v2\/users\/2"}],"replies":[{"embeddable":true,"href":"https:\/\/www.europesays.com\/se\/wp-json\/wp\/v2\/comments?post=350075"}],"version-history":[{"count":0,"href":"https:\/\/www.europesays.com\/se\/wp-json\/wp\/v2\/posts\/350075\/revisions"}],"wp:featuredmedia":[{"embeddable":true,"href":"https:\/\/www.europesays.com\/se\/wp-json\/wp\/v2\/media\/350076"}],"wp:attachment":[{"href":"https:\/\/www.europesays.com\/se\/wp-json\/wp\/v2\/media?parent=350075"}],"wp:term":[{"taxonomy":"category","embeddable":true,"href":"https:\/\/www.europesays.com\/se\/wp-json\/wp\/v2\/categories?post=350075"},{"taxonomy":"post_tag","embeddable":true,"href":"https:\/\/www.europesays.com\/se\/wp-json\/wp\/v2\/tags?post=350075"}],"curies":[{"name":"wp","href":"https:\/\/api.w.org\/{rel}","templated":true}]}}