{"id":350153,"date":"2026-08-24T08:39:19","date_gmt":"2026-08-24T08:39:19","guid":{"rendered":"https:\/\/www.europesays.com\/se\/350153\/"},"modified":"2026-08-24T08:39:19","modified_gmt":"2026-08-24T08:39:19","slug":"aldre-i-par-dricker-mer-alkohol-an-ensamstaende","status":"publish","type":"post","link":"https:\/\/www.europesays.com\/se\/350153\/","title":{"rendered":"\u00c4ldre i par dricker mer alkohol \u00e4n ensamst\u00e5ende"},"content":{"rendered":"<p>Det skriver <strong>Erika Boman<\/strong>, forskare vid H\u00f6gskolan p\u00e5 \u00c5land och lektor vid Ume\u00e5 universitet i ett pressmeddelande.<\/p>\n<p>Boman ledde studien d\u00e4r \u00e4ven \u00c5bo Akademi medverkade. Resultaten visar att kvinnor oftare \u00e4n m\u00e4n helt avst\u00e5r fr\u00e5n alkohol. M\u00e4n var mer \u00e4n tre g\u00e5nger s\u00e5 ben\u00e4gna som kvinnor att dricka p\u00e5 en h\u00e4lsofarlig niv\u00e5.<\/p>\n<p>Vidare avst\u00e5r \u00e4ldre utan partner oftare helt fr\u00e5n alkohol \u00e4n personer i parf\u00f6rh\u00e5llanden. S\u00e4rskilt bland kvinnor var riskfyllt drickande och berusningsdrickande vanligare hos dem som levde med en partner.<\/p>\n<p>Boman menar att studien ger viktiga kliniska insikter som utmanar den traditionella synen p\u00e5 vilka riskgrupper som beh\u00f6ver uppm\u00e4rksammas. Det f\u00f6rebyggande arbetet borde med tanke p\u00e5 studiens resultat riktas mot dem som lever i parf\u00f6rh\u00e5llanden eller har ett rikt socialt liv.<\/p>\n<p>\u2013 Det \u00e4r i de sammanhangen \u00e4ldre personer dricker mer, s\u00e4ger Erika Boman.<\/p>\n","protected":false},"excerpt":{"rendered":"Det skriver Erika Boman, forskare vid H\u00f6gskolan p\u00e5 \u00c5land och lektor vid Ume\u00e5 universitet i ett pressmeddelande. Boman&hellip;\n","protected":false},"author":2,"featured_media":350154,"comment_status":"","ping_status":"","sticky":false,"template":"","format":"standard","meta":{"footnotes":"","_share_on_mastodon":"0"},"categories":[66],"tags":[632,80,78,79,34,31,33,32,30,81,84,83,82],"class_list":["post-350153","post","type-post","status-publish","format-standard","has-post-thumbnail","category-vetenskap-och-teknik","tag-forskning","tag-science","tag-science-and-technology","tag-scienceandtechnology","tag-se","tag-svenska","tag-sverige","tag-sweden","tag-swedish","tag-technology","tag-teknik","tag-vetenskap","tag-vetenskapteknik"],"share_on_mastodon":{"url":"https:\/\/pubeurope.com\/@se\/117149588925061687","error":""},"_links":{"self":[{"href":"https:\/\/www.europesays.com\/se\/wp-json\/wp\/v2\/posts\/350153","targetHints":{"allow":["GET"]}}],"collection":[{"href":"https:\/\/www.europesays.com\/se\/wp-json\/wp\/v2\/posts"}],"about":[{"href":"https:\/\/www.europesays.com\/se\/wp-json\/wp\/v2\/types\/post"}],"author":[{"embeddable":true,"href":"https:\/\/www.europesays.com\/se\/wp-json\/wp\/v2\/users\/2"}],"replies":[{"embeddable":true,"href":"https:\/\/www.europesays.com\/se\/wp-json\/wp\/v2\/comments?post=350153"}],"version-history":[{"count":0,"href":"https:\/\/www.europesays.com\/se\/wp-json\/wp\/v2\/posts\/350153\/revisions"}],"wp:featuredmedia":[{"embeddable":true,"href":"https:\/\/www.europesays.com\/se\/wp-json\/wp\/v2\/media\/350154"}],"wp:attachment":[{"href":"https:\/\/www.europesays.com\/se\/wp-json\/wp\/v2\/media?parent=350153"}],"wp:term":[{"taxonomy":"category","embeddable":true,"href":"https:\/\/www.europesays.com\/se\/wp-json\/wp\/v2\/categories?post=350153"},{"taxonomy":"post_tag","embeddable":true,"href":"https:\/\/www.europesays.com\/se\/wp-json\/wp\/v2\/tags?post=350153"}],"curies":[{"name":"wp","href":"https:\/\/api.w.org\/{rel}","templated":true}]}}