{"id":35024,"date":"2025-09-20T10:04:06","date_gmt":"2025-09-20T10:04:06","guid":{"rendered":"https:\/\/www.europesays.com\/se\/35024\/"},"modified":"2025-09-20T10:04:06","modified_gmt":"2025-09-20T10:04:06","slug":"luleas-17-aring-casper-juustovaara-hyllas-framtida-publikfavorit","status":"publish","type":"post","link":"https:\/\/www.europesays.com\/se\/35024\/","title":{"rendered":"Lule\u00e5s 17-\u00e5ring Casper Juustovaara hyllas. &#8221;Framtida publikfavorit&#8221;"},"content":{"rendered":"<p><strong>Lule\u00e5s storl\u00f6fte Casper Juustovaara har redan spelat n\u00e4stan 40 minuter hockey p\u00e5 tre matcher.<br \/>S\u00e5 v\u00e4l Ulf Engman och Thomas \u201dBulan\u201d Berglund \u00e4r imponerade av honom.<br \/>Nu uttrycker sig Juustovaara sj\u00e4lvs\u00e4kert kring utsikterna att f\u00e5 ett seniorkontrakt.<br \/>\u2013\u00a0Spelar jag p\u00e5 som jag har gjort i de f\u00f6rsta matcherna kommer det v\u00e4l att h\u00e4nda s\u00e5 sm\u00e5ningom, s\u00e4ger han till <a href=\"https:\/\/www.nsd.se\/sport\/ishockey\/artikel\/luleaoverraskningen-det-ar-forst-nu-det-kanns-nara\/r905wzzr\" rel=\"nofollow noopener\" target=\"_blank\">NSD<\/a>.<\/strong><\/p>\n<p><img loading=\"lazy\" decoding=\"async\" width=\"1024\" height=\"658\" src=\"https:\/\/www.europesays.com\/se\/wp-content\/uploads\/2025\/09\/Nytt-projekt-3-5-1024x658.webp.webp\" alt=\"\" class=\"wp-image-305301\"  \/>Lule\u00e5s stora l\u00f6fte Casper Juustovaara.<br \/>\nFoto: Bildbyr\u00e5n<\/p>\n<p><a href=\"https:\/\/hockeysverige.se\/klubb\/lulea-hockey\" rel=\"nofollow noopener\" target=\"_blank\">Lule\u00e5s<\/a> fantastiska start p\u00e5 s\u00e4songen tog en v\u00e4ndning \u00e5t det s\u00e4mre mot <a href=\"https:\/\/hockeysverige.se\/klubb\/rogle-bk\" rel=\"nofollow noopener\" target=\"_blank\">R\u00f6gle<\/a> i torsdags. Men i 1\u20132 f\u00f6rlusten hemma mot sk\u00e5ningarna s\u00e5g 17-\u00e5riga Casper Juustovaara bra ut.<\/p>\n<p>Nu \u00e4r han bara 60 minuter fr\u00e5n att f\u00e5 ett seniorkontrakt.<\/p>\n<p>\u2013 Han har startat s\u00e4songen p\u00e5 ett fantastiskt s\u00e4tt och g\u00e5r en fin framtid till m\u00f6tes. Vi hoppas att han ska bli kvar i f\u00f6reningen en l\u00e5ng tid, minuterna tickar ocks\u00e5 p\u00e5 snabbt nu. Forts\u00e4tter han s\u00e5 h\u00e4r kan han ha spelat till sig ett kontrakt om ett par veckor. Det \u00e4r oerh\u00f6rt roligt och det k\u00e4nns som att det finns en framtida publikfavorit i honom. s\u00e4ger Lule\u00e5s assisterande GM Ulf Engman till <a href=\"https:\/\/www.nsd.se\/sport\/ishockey\/artikel\/luleaoverraskningen-det-ar-forst-nu-det-kanns-nara\/r905wzzr\" rel=\"nofollow noopener\" target=\"_blank\">NSD<\/a>.<\/p>\n<p>J\u00e4mf\u00f6rdes med \u201dBulan\u201d: \u201dSka bara forts\u00e4tta vara den han \u00e4r\u201d<\/p>\n<p>Juustovaara sj\u00e4lv \u00e4r hoppfull inf\u00f6r att tidigt spela sig till ett seniorkontrakt.<\/p>\n<p>\u2013 Det \u00e4r n\u00e5got jag har dr\u00f6mt om under en l\u00e5ng tid, men det \u00e4r f\u00f6rst nu det k\u00e4nns n\u00e4ra, och spelar jag p\u00e5 som jag har gjort i de f\u00f6rsta matcherna kommer det v\u00e4l att h\u00e4nda s\u00e5 sm\u00e5ningom, s\u00e4ger han till tidningen.<\/p>\n<p>Tidigare i september j\u00e4mf\u00f6rdes talangen i NSD med Thomas \u201dBulan\u201d Berglund, vilket tr\u00e4naren sj\u00e4lv fick bem\u00f6ta.<\/p>\n<p>\u2013 Jag vet inte. Han \u00e4r snabbare \u00e4n vad jag var. Han ska bara forts\u00e4tta vara den han \u00e4r, s\u00e4ger Lule\u00e5s tr\u00e4nare d\u00e5 till <a href=\"https:\/\/www.nsd.se\/sport\/ishockey\/artikel\/kopian-hyllas-av-bulan-han-ar-snabbare-an-vad-jag-var\/re7y2y5j\" rel=\"nofollow noopener\" target=\"_blank\">NSD<\/a>.<\/p>\n<p>\u2013 G\u00f6r han det g\u00e5r han en j\u00e4vligt intressant framtid till m\u00f6tes.<\/p>\n","protected":false},"excerpt":{"rendered":"Lule\u00e5s storl\u00f6fte Casper Juustovaara har redan spelat n\u00e4stan 40 minuter hockey p\u00e5 tre matcher.S\u00e5 v\u00e4l Ulf Engman och&hellip;\n","protected":false},"author":2,"featured_media":35025,"comment_status":"","ping_status":"","sticky":false,"template":"","format":"standard","meta":{"footnotes":""},"categories":[68],"tags":[34,133,134,111,110,31,33,32,30],"class_list":{"0":"post-35024","1":"post","2":"type-post","3":"status-publish","4":"format-standard","5":"has-post-thumbnail","7":"category-sport","8":"tag-se","9":"tag-second-news","10":"tag-shl","11":"tag-sport","12":"tag-sports","13":"tag-svenska","14":"tag-sverige","15":"tag-sweden","16":"tag-swedish"},"share_on_mastodon":{"url":"","error":""},"_links":{"self":[{"href":"https:\/\/www.europesays.com\/se\/wp-json\/wp\/v2\/posts\/35024","targetHints":{"allow":["GET"]}}],"collection":[{"href":"https:\/\/www.europesays.com\/se\/wp-json\/wp\/v2\/posts"}],"about":[{"href":"https:\/\/www.europesays.com\/se\/wp-json\/wp\/v2\/types\/post"}],"author":[{"embeddable":true,"href":"https:\/\/www.europesays.com\/se\/wp-json\/wp\/v2\/users\/2"}],"replies":[{"embeddable":true,"href":"https:\/\/www.europesays.com\/se\/wp-json\/wp\/v2\/comments?post=35024"}],"version-history":[{"count":0,"href":"https:\/\/www.europesays.com\/se\/wp-json\/wp\/v2\/posts\/35024\/revisions"}],"wp:featuredmedia":[{"embeddable":true,"href":"https:\/\/www.europesays.com\/se\/wp-json\/wp\/v2\/media\/35025"}],"wp:attachment":[{"href":"https:\/\/www.europesays.com\/se\/wp-json\/wp\/v2\/media?parent=35024"}],"wp:term":[{"taxonomy":"category","embeddable":true,"href":"https:\/\/www.europesays.com\/se\/wp-json\/wp\/v2\/categories?post=35024"},{"taxonomy":"post_tag","embeddable":true,"href":"https:\/\/www.europesays.com\/se\/wp-json\/wp\/v2\/tags?post=35024"}],"curies":[{"name":"wp","href":"https:\/\/api.w.org\/{rel}","templated":true}]}}