{"id":35029,"date":"2025-09-20T10:12:15","date_gmt":"2025-09-20T10:12:15","guid":{"rendered":"https:\/\/www.europesays.com\/se\/35029\/"},"modified":"2025-09-20T10:12:15","modified_gmt":"2025-09-20T10:12:15","slug":"rasmus-dahlins-oppna-brev-fastmon-nara-att-do-nhl","status":"publish","type":"post","link":"https:\/\/www.europesays.com\/se\/35029\/","title":{"rendered":"Rasmus Dahlins \u00f6ppna brev \u2013 f\u00e4stm\u00f6n n\u00e4ra att d\u00f6 | NHL"},"content":{"rendered":"<p>Publicerad 19 sep 2025 kl 17.28Uppdaterad kl 18.24<\/p>\n<p>Rasmus Dahlins f\u00e4stm\u00f6 Carolina Matovac genomgick en hj\u00e4rttransplantation i somras.<\/p>\n<p>Det skriver NHL-stj\u00e4rnan i ett \u00f6ppet brev, d\u00e4r han ber\u00e4ttar om den traumatiska upplevelsen som var n\u00e4ra att kosta f\u00e4stm\u00f6n livet. \u00a0<\/p>\n<p><img   alt=\"\"\/><\/p>\n<p>Carolina Matovac genomgick en hj\u00e4rttransplantation i somras.<\/p>\n<p>\u00d6ppna bild i helsk\u00e4rm<img loading=\"lazy\"   alt=\"\"\/><\/p>\n<p>Carolina Matovac och Rasmus Dahlin.<\/p>\n<p>\u00d6ppna bild i helsk\u00e4rm<\/p>\n<p>Rasmus Dahlin har varit tillsammans med Carolina Matovac under l\u00e5ng tid.<\/p>\n<p>I somras genomgick paret en jobbig tid n\u00e4r Matovac insjuknade, och var n\u00e4ra att d\u00f6, under en semester i Frankrike.<\/p>\n<p>Det skriver <a href=\"https:\/\/www.expressen.se\/tagg\/organization\/buffalo-sabres\/\" class=\"\" rel=\"nofollow noopener\" target=\"_blank\">Buffalo Sabres<\/a>-backen tillsammans med sin f\u00e4stm\u00f6 i ett \u00f6ppet brev p\u00e5 klubbens hemsida.<\/p>\n<p>Paret ber\u00e4ttar att f\u00e4stm\u00f6n drabbades av hj\u00e4rtsvikt och fick hj\u00e4rt- och lungr\u00e4ddning vid upprepade tillf\u00e4llen, vilket r\u00e4ddade hennes liv.<\/p>\n<p>\u201dUtan hj\u00e4rt- och lungr\u00e4ddningen hade konsekvenserna varit ot\u00e4nkbara.\u201d<\/p>\n<p>\u201dTuffaste kapitlet i v\u00e5rt liv\u201d<\/p>\n<p>N\u00e5gra veckor senare, efter att ha legat i respirator, genomgick hon en framg\u00e5ngsrik hj\u00e4rttransplantation i Frankrike.<\/p>\n<p>\u201dCarolina genomf\u00f6r nu sin rehab med mig i Buffalo. Hon har visat en otrolig beslutsamhet, positivitet och motst\u00e5ndskraft som jag \u00e4r helt tagen av. Detta har tvekl\u00f6st varit det tuffaste kapitlet i v\u00e5rt liv, men ocks\u00e5 n\u00e5got vi l\u00e4rt oss s\u00e5 mycket av. Vi kommer att v\u00e4xa fr\u00e5n detta och \u00e4r s\u00e5 tacksamma f\u00f6r all k\u00e4rlek och st\u00f6d\u201d, skriver Dahlin.<\/p>\n<p>25-\u00e5ringen tackar \u00e4ven alla l\u00e4kare, NHL och klubben f\u00f6r st\u00f6det under denna \u201doerh\u00f6rt sv\u00e5ra tid\u201d.<\/p>\n<p>Paret hoppas p\u00e5 en fullst\u00e4ndig \u00e5terh\u00e4mtning.<\/p>\n<p>\u201dJag vet att hon kommer attackera rehabiliteringen med samma fighting spirit som alltid\u201d.<\/p>\n<p>Carolina Matovac \u00e4r dotter till f\u00f6rre landslagsspelaren i fotboll, Jozo Matovac.<\/p>\n<p><a href=\"https:\/\/www.instagram.com\/p\/DOydpn-Drld\/?igsh=MWk1YXVrc2NyN2x0eQ%3D%3D\" data-provider=\"instagram\" class=\"js-social-embed\" rel=\"nofollow noopener\" target=\"_blank\">https:\/\/www.instagram.com\/p\/DOydpn-Drld\/?igsh=MWk1YXVrc2NyN2x0eQ%3D%3D<\/a><script async src=\"\/\/www.instagram.com\/embed.js\"><\/script><\/p>\n","protected":false},"excerpt":{"rendered":"Publicerad 19 sep 2025 kl 17.28Uppdaterad kl 18.24 Rasmus Dahlins f\u00e4stm\u00f6 Carolina Matovac genomgick en hj\u00e4rttransplantation i somras.&hellip;\n","protected":false},"author":2,"featured_media":35030,"comment_status":"","ping_status":"","sticky":false,"template":"","format":"standard","meta":{"footnotes":""},"categories":[68],"tags":[3767,3768,34,255,256,111,110,31,33,32,30],"class_list":{"0":"post-35029","1":"post","2":"type-post","3":"status-publish","4":"format-standard","5":"has-post-thumbnail","7":"category-sport","8":"tag-organization-buffalo-sabres","9":"tag-person-rasmus-dahlin","10":"tag-se","11":"tag-sections-ishockey","12":"tag-sections-nhl","13":"tag-sport","14":"tag-sports","15":"tag-svenska","16":"tag-sverige","17":"tag-sweden","18":"tag-swedish"},"share_on_mastodon":{"url":"","error":""},"_links":{"self":[{"href":"https:\/\/www.europesays.com\/se\/wp-json\/wp\/v2\/posts\/35029","targetHints":{"allow":["GET"]}}],"collection":[{"href":"https:\/\/www.europesays.com\/se\/wp-json\/wp\/v2\/posts"}],"about":[{"href":"https:\/\/www.europesays.com\/se\/wp-json\/wp\/v2\/types\/post"}],"author":[{"embeddable":true,"href":"https:\/\/www.europesays.com\/se\/wp-json\/wp\/v2\/users\/2"}],"replies":[{"embeddable":true,"href":"https:\/\/www.europesays.com\/se\/wp-json\/wp\/v2\/comments?post=35029"}],"version-history":[{"count":0,"href":"https:\/\/www.europesays.com\/se\/wp-json\/wp\/v2\/posts\/35029\/revisions"}],"wp:featuredmedia":[{"embeddable":true,"href":"https:\/\/www.europesays.com\/se\/wp-json\/wp\/v2\/media\/35030"}],"wp:attachment":[{"href":"https:\/\/www.europesays.com\/se\/wp-json\/wp\/v2\/media?parent=35029"}],"wp:term":[{"taxonomy":"category","embeddable":true,"href":"https:\/\/www.europesays.com\/se\/wp-json\/wp\/v2\/categories?post=35029"},{"taxonomy":"post_tag","embeddable":true,"href":"https:\/\/www.europesays.com\/se\/wp-json\/wp\/v2\/tags?post=35029"}],"curies":[{"name":"wp","href":"https:\/\/api.w.org\/{rel}","templated":true}]}}